{"id":8391,"date":"2023-04-20T15:05:58","date_gmt":"2023-04-20T18:05:58","guid":{"rendered":"https:\/\/jm-metropole.com.br\/site\/?p=8391"},"modified":"2023-04-20T15:05:58","modified_gmt":"2023-04-20T18:05:58","slug":"escolas-municipais-de-guararema-contam-com-seguranca-para-controle-de-acesso-a-partir-desta-quinta-20","status":"publish","type":"post","link":"https:\/\/jm-metropole.com.br\/site\/escolas-municipais-de-guararema-contam-com-seguranca-para-controle-de-acesso-a-partir-desta-quinta-20\/","title":{"rendered":"Escolas municipais de Guararema contam com seguran\u00e7a para controle de acesso a partir desta quinta (20)"},"content":{"rendered":"<p>Assim como a implanta\u00e7\u00e3o de bot\u00f5es de p\u00e2nico, a novidade faz parte de um pacote de medidas emergenciais de refor\u00e7o \u00e0 seguran\u00e7a nas unidades de ensino<\/p>\n<p>Em raz\u00e3o do crescente n\u00famero de viol\u00eancia em unidades escolares em diferentes pontos do Brasil, a Prefeitura de Guararema coloca em pr\u00e1tica uma s\u00e9rie de medidas emergenciais que refor\u00e7am os protocolos de seguran\u00e7a j\u00e1 existentes na Rede Municipal de Ensino. A partir desta quinta-feira (20), todas as escolas municipais passam a ter um seguran\u00e7a na entrada, para auxiliar no controle de acesso, e est\u00e3o sendo implantados bot\u00f5es de p\u00e2nico.<br \/>\nAnunciadas h\u00e1 poucos dias, as medidas entram em vigor em car\u00e1ter de urg\u00eancia, para fazer com que as escolas continuem sendo um ambiente seguro \u00e0s crian\u00e7as e profissionais. O acesso ao ambiente escolar j\u00e1 era restrito aos alunos, mas agora conta com seguran\u00e7a extra. E em caso de necessidade, os bot\u00f5es de p\u00e2nico, ao serem acionados, agilizam o suporte das for\u00e7as de seguran\u00e7a.<br \/>\n\u201cEm Guararema a Educa\u00e7\u00e3o vem em primeiro lugar. E isso se estende, \u00e9 claro, \u00e0 seguran\u00e7a das nossas crian\u00e7as, que \u00e9 prioridade total. Por isso avaliamos o que poderia ser feito, e em car\u00e1ter emergencial, j\u00e1 estamos tornando realidade estas medidas, que s\u00e3o cont\u00ednuas e se estendem por toda a rede municipal de ensino\u201d, afirma o prefeito de Guararema, o Z\u00e9, que esteve na Escola Municipal Professora C\u00e9lia Leonor Lopes Lunardini, no bairro Itapema, para conferir de perto as novidades.<br \/>\nVale lembrar que hoje todas as unidades municipais contam com monitoramento por c\u00e2meras vinculadas ao Centro Integrado de Seguran\u00e7a (CSI), e h\u00e1 em andamento um estudo, tamb\u00e9m em car\u00e1ter emergencial, realizado pela Secretaria Municipal de Seguran\u00e7a P\u00fablica e pelo Centro Integrado de Seguran\u00e7a (CSI), para a defini\u00e7\u00e3o da amplia\u00e7\u00e3o da rede de monitoramento com mais c\u00e2meras no entorno das unidades de ensino, medida esta que vale inclusive para os arredores das escolas estaduais.<br \/>\nAl\u00e9m destas a\u00e7\u00f5es, desde 2019 toda a Rede Municipal de Ensino de Guararema conta com um Manual de Seguran\u00e7a Escolar, material que serve de apoio aos gestores escolares nas quest\u00f5es relacionadas \u00e0 seguran\u00e7a e foi implantado com o apoio da Secretaria Municipal de Seguran\u00e7a P\u00fablica e da Pol\u00edcia Militar do Estado de S\u00e3o Paulo.<\/p>\n<p>Debate sobre a seguran\u00e7a<br \/>\nAo longo das \u00faltimas semanas, a Prefeitura de Guararema vem participando de uma s\u00e9rie de reuni\u00f5es para discutir as medidas de refor\u00e7o \u00e0 seguran\u00e7a nas escolas. Em uma delas, estiveram presentes, na sede do Centro Integrado de Seguran\u00e7a (CSI), os vereadores e tamb\u00e9m o secret\u00e1rio municipal de Seguran\u00e7a P\u00fablica, Edson Roberto Pinto de Moraes, a chefe de Gabinete da Secretaria Municipal de Educa\u00e7\u00e3o, Camila Borges Pimentel Nogueira e o Chefe de Gabinete do Prefeito, Cleber Vinicius Kerchner, para conversar com o capit\u00e3o Fl\u00e1vio Roberto da Silva, da 3\u00aa Companhia do 17\u00ba Batalh\u00e3o de Pol\u00edcia Militar Metropolitano (BPM\/M).<\/p>\n<p>Na ocasi\u00e3o, Fl\u00e1vio detalhou o esquema de seguran\u00e7a que vem sendo adotado pela PM, com rotina de rondas internas e externas nas escolas estaduais, o que tamb\u00e9m passa a valer para as escolas municipais, que v\u00e3o da Educa\u00e7\u00e3o Infantil ao Ensino Fundamental &#8211; Ciclo I, com alunos de 6 meses at\u00e9 11 anos.<\/p>\n<p>J\u00e1 em outro encontro, a secret\u00e1ria municipal de Educa\u00e7\u00e3o, Clara Assump\u00e7\u00e3o Eroles Freire Nunes junto ao capit\u00e3o Fl\u00e1vio conversaram com as Gestoras das Escolas Municipais, que receberam folders com endere\u00e7os e telefones \u00fateis (como os n\u00fameros do CSI, SAMU, Bombeiros, Santa Casa, PM, Conselho Tutelar, Delegacia de Pol\u00edcia e outros), que foram distribu\u00eddos aos alunos e afixados nos ambientes escolares.<\/p>\n<p>Durante esta reuni\u00e3o, no audit\u00f3rio da Esta\u00e7\u00e3o Liter\u00e1ria Professora Maria de Lourdes \u00c9vora Camargo, tamb\u00e9m foram fornecidas orienta\u00e7\u00f5es sobre a \u201cCultura da Paz\u201d, presente em todas as escolas municipais e reparti\u00e7\u00f5es p\u00fablicas de Guararema, que repudia discursos de \u00f3dio e qualquer forma de espetaculariza\u00e7\u00e3o da viol\u00eancia.<\/p>\n","protected":false},"excerpt":{"rendered":"<p>Assim como a implanta\u00e7\u00e3o de bot\u00f5es de p\u00e2nico, a novidade faz parte de um pacote de medidas emergenciais de refor\u00e7o \u00e0 seguran\u00e7a nas unidades de ensino Em raz\u00e3o do crescente n\u00famero de viol\u00eancia em unidades escolares em diferentes pontos do Brasil, a Prefeitura de Guararema coloca em pr\u00e1tica uma s\u00e9rie de medidas emergenciais que refor\u00e7am [&hellip;]<\/p>\n","protected":false},"author":1,"featured_media":8392,"comment_status":"open","ping_status":"open","sticky":false,"template":"","format":"standard","meta":{"footnotes":""},"categories":[8],"tags":[],"class_list":{"0":"post-8391","1":"post","2":"type-post","3":"status-publish","4":"format-standard","5":"has-post-thumbnail","7":"category-guararema"},"_links":{"self":[{"href":"https:\/\/jm-metropole.com.br\/site\/wp-json\/wp\/v2\/posts\/8391","targetHints":{"allow":["GET"]}}],"collection":[{"href":"https:\/\/jm-metropole.com.br\/site\/wp-json\/wp\/v2\/posts"}],"about":[{"href":"https:\/\/jm-metropole.com.br\/site\/wp-json\/wp\/v2\/types\/post"}],"author":[{"embeddable":true,"href":"https:\/\/jm-metropole.com.br\/site\/wp-json\/wp\/v2\/users\/1"}],"replies":[{"embeddable":true,"href":"https:\/\/jm-metropole.com.br\/site\/wp-json\/wp\/v2\/comments?post=8391"}],"version-history":[{"count":1,"href":"https:\/\/jm-metropole.com.br\/site\/wp-json\/wp\/v2\/posts\/8391\/revisions"}],"predecessor-version":[{"id":8393,"href":"https:\/\/jm-metropole.com.br\/site\/wp-json\/wp\/v2\/posts\/8391\/revisions\/8393"}],"wp:featuredmedia":[{"embeddable":true,"href":"https:\/\/jm-metropole.com.br\/site\/wp-json\/wp\/v2\/media\/8392"}],"wp:attachment":[{"href":"https:\/\/jm-metropole.com.br\/site\/wp-json\/wp\/v2\/media?parent=8391"}],"wp:term":[{"taxonomy":"category","embeddable":true,"href":"https:\/\/jm-metropole.com.br\/site\/wp-json\/wp\/v2\/categories?post=8391"},{"taxonomy":"post_tag","embeddable":true,"href":"https:\/\/jm-metropole.com.br\/site\/wp-json\/wp\/v2\/tags?post=8391"}],"curies":[{"name":"wp","href":"https:\/\/api.w.org\/{rel}","templated":true}]}}