{"id":8372,"date":"2023-04-20T09:18:16","date_gmt":"2023-04-20T12:18:16","guid":{"rendered":"https:\/\/jm-metropole.com.br\/site\/?p=8372"},"modified":"2023-04-20T09:18:16","modified_gmt":"2023-04-20T12:18:16","slug":"servicos-essenciais-seguem-em-funcionamento-para-o-feriado-de-tiradentes","status":"publish","type":"post","link":"https:\/\/jm-metropole.com.br\/site\/servicos-essenciais-seguem-em-funcionamento-para-o-feriado-de-tiradentes\/","title":{"rendered":"Servi\u00e7os essenciais seguem em funcionamento para o feriado de Tiradentes"},"content":{"rendered":"<p>Servi\u00e7os de limpeza, seguran\u00e7a e sa\u00fade funcionar\u00e3o normalmente; j\u00e1 o expediente no Pa\u00e7o Municipal e em outras reparti\u00e7\u00f5es p\u00fablicas ser\u00e1 suspenso<\/p>\n<p>Em virtude do feriado de Tiradentes, a Prefeitura de Po\u00e1 informa que o expediente no Pa\u00e7o Municipal de Po\u00e1 (rua Deputado Cunha Bueno, n\u00ba 357, Centro) e demais reparti\u00e7\u00f5es p\u00fablicas estar\u00e1 suspenso na pr\u00f3xima sexta-feira (21\/04), conforme o decreto n\u00ba 8.213 de 8 de fevereiro de 2023. Entretanto, servi\u00e7os essenciais como sa\u00fade, limpeza, seguran\u00e7a e coleta de lixo permanecer\u00e3o em funcionamento.<\/p>\n<p>O Pronto Atendimento Municipal Doutor Guido Guida, na rua Bar\u00e3o de Juparan\u00e3, n\u00ba43, bem como Servi\u00e7o de Atendimento M\u00f3vel de Urg\u00eancia (SAMU), que funciona pelo telefone 192, seguem normalmente com atendimento 24 horas.<\/p>\n<p>Com rela\u00e7\u00e3o \u00e0 seguran\u00e7a urbana, a Guarda Civil Municipal tamb\u00e9m estar\u00e1 \u00e0 disposi\u00e7\u00e3o da popula\u00e7\u00e3o atendendo atrav\u00e9s do telefone 153, assim como a Defesa Civil que disponibiliza o telefone 199 para atendimento aos mun\u00edcipes.<\/p>\n<p>Outros servi\u00e7os como coleta de lixo e varri\u00e7\u00e3o de rua tamb\u00e9m seguem normalmente, assim como o Vel\u00f3rio e o Cemit\u00e9rio da Paz (8 \u00e0s 16 horas), localizados na rua Jo\u00e3o Pekny, 430, Jardim Itamarati.<\/p>\n<p>Foto: Secom \u2013 Po\u00e1<\/p>\n","protected":false},"excerpt":{"rendered":"<p>Servi\u00e7os de limpeza, seguran\u00e7a e sa\u00fade funcionar\u00e3o normalmente; j\u00e1 o expediente no Pa\u00e7o Municipal e em outras reparti\u00e7\u00f5es p\u00fablicas ser\u00e1 suspenso Em virtude do feriado de Tiradentes, a Prefeitura de Po\u00e1 informa que o expediente no Pa\u00e7o Municipal de Po\u00e1 (rua Deputado Cunha Bueno, n\u00ba 357, Centro) e demais reparti\u00e7\u00f5es p\u00fablicas estar\u00e1 suspenso na pr\u00f3xima [&hellip;]<\/p>\n","protected":false},"author":1,"featured_media":8373,"comment_status":"open","ping_status":"open","sticky":false,"template":"","format":"standard","meta":{"footnotes":""},"categories":[19],"tags":[],"class_list":{"0":"post-8372","1":"post","2":"type-post","3":"status-publish","4":"format-standard","5":"has-post-thumbnail","7":"category-poa"},"_links":{"self":[{"href":"https:\/\/jm-metropole.com.br\/site\/wp-json\/wp\/v2\/posts\/8372","targetHints":{"allow":["GET"]}}],"collection":[{"href":"https:\/\/jm-metropole.com.br\/site\/wp-json\/wp\/v2\/posts"}],"about":[{"href":"https:\/\/jm-metropole.com.br\/site\/wp-json\/wp\/v2\/types\/post"}],"author":[{"embeddable":true,"href":"https:\/\/jm-metropole.com.br\/site\/wp-json\/wp\/v2\/users\/1"}],"replies":[{"embeddable":true,"href":"https:\/\/jm-metropole.com.br\/site\/wp-json\/wp\/v2\/comments?post=8372"}],"version-history":[{"count":1,"href":"https:\/\/jm-metropole.com.br\/site\/wp-json\/wp\/v2\/posts\/8372\/revisions"}],"predecessor-version":[{"id":8374,"href":"https:\/\/jm-metropole.com.br\/site\/wp-json\/wp\/v2\/posts\/8372\/revisions\/8374"}],"wp:featuredmedia":[{"embeddable":true,"href":"https:\/\/jm-metropole.com.br\/site\/wp-json\/wp\/v2\/media\/8373"}],"wp:attachment":[{"href":"https:\/\/jm-metropole.com.br\/site\/wp-json\/wp\/v2\/media?parent=8372"}],"wp:term":[{"taxonomy":"category","embeddable":true,"href":"https:\/\/jm-metropole.com.br\/site\/wp-json\/wp\/v2\/categories?post=8372"},{"taxonomy":"post_tag","embeddable":true,"href":"https:\/\/jm-metropole.com.br\/site\/wp-json\/wp\/v2\/tags?post=8372"}],"curies":[{"name":"wp","href":"https:\/\/api.w.org\/{rel}","templated":true}]}}