{"id":8076,"date":"2023-04-11T09:08:52","date_gmt":"2023-04-11T12:08:52","guid":{"rendered":"https:\/\/jm-metropole.com.br\/site\/?p=8076"},"modified":"2023-04-11T09:09:00","modified_gmt":"2023-04-11T12:09:00","slug":"prefeitura-assina-ordem-de-servico-para-upa-infantil-de-santa-isabel","status":"publish","type":"post","link":"https:\/\/jm-metropole.com.br\/site\/prefeitura-assina-ordem-de-servico-para-upa-infantil-de-santa-isabel\/","title":{"rendered":"PREFEITURA ASSINA ORDEM DE SERVI\u00c7O PARA UPA INFANTIL DE SANTA ISABEL"},"content":{"rendered":"<p>Na manh\u00e3 desta segunda-feira (10\/04), a Prefeitura de Santa Isabel assinou a ordem de servi\u00e7o para o in\u00edcio das obras da Upa Infantil no munic\u00edpio.<\/p>\n<p>De acordo com a Secretaria Municipal de Sa\u00fade, o Pronto Socorro Infantil ser\u00e1 agregado \u00e0s depend\u00eancias da Unidade de Pronto Atendimento (UPA) de Santa Isabel.<\/p>\n<p>O Pronto Atendimento infantil ter\u00e1 consult\u00f3rios de pediatria, salas de observa\u00e7\u00e3o, de emerg\u00eancia e recep\u00e7\u00e3o por\u00e9m contar\u00e3o com servi\u00e7os compartilhados com a UPA j\u00e1 existente.<\/p>\n<p>Alguns servi\u00e7os ser\u00e3o utilizados de maneira comum, mas os pacientes adultos ficar\u00e3o em ambientes separados das crian\u00e7as. O objetivo \u00e9 buscar um atendimento cada vez mais humanizado e especializado<\/p>\n","protected":false},"excerpt":{"rendered":"<p>Na manh\u00e3 desta segunda-feira (10\/04), a Prefeitura de Santa Isabel assinou a ordem de servi\u00e7o para o in\u00edcio das obras da Upa Infantil no munic\u00edpio. De acordo com a Secretaria Municipal de Sa\u00fade, o Pronto Socorro Infantil ser\u00e1 agregado \u00e0s depend\u00eancias da Unidade de Pronto Atendimento (UPA) de Santa Isabel. O Pronto Atendimento infantil ter\u00e1 [&hellip;]<\/p>\n","protected":false},"author":1,"featured_media":8077,"comment_status":"open","ping_status":"open","sticky":false,"template":"","format":"standard","meta":{"footnotes":""},"categories":[5],"tags":[],"class_list":{"0":"post-8076","1":"post","2":"type-post","3":"status-publish","4":"format-standard","5":"has-post-thumbnail","7":"category-santa-isabel"},"_links":{"self":[{"href":"https:\/\/jm-metropole.com.br\/site\/wp-json\/wp\/v2\/posts\/8076","targetHints":{"allow":["GET"]}}],"collection":[{"href":"https:\/\/jm-metropole.com.br\/site\/wp-json\/wp\/v2\/posts"}],"about":[{"href":"https:\/\/jm-metropole.com.br\/site\/wp-json\/wp\/v2\/types\/post"}],"author":[{"embeddable":true,"href":"https:\/\/jm-metropole.com.br\/site\/wp-json\/wp\/v2\/users\/1"}],"replies":[{"embeddable":true,"href":"https:\/\/jm-metropole.com.br\/site\/wp-json\/wp\/v2\/comments?post=8076"}],"version-history":[{"count":1,"href":"https:\/\/jm-metropole.com.br\/site\/wp-json\/wp\/v2\/posts\/8076\/revisions"}],"predecessor-version":[{"id":8078,"href":"https:\/\/jm-metropole.com.br\/site\/wp-json\/wp\/v2\/posts\/8076\/revisions\/8078"}],"wp:featuredmedia":[{"embeddable":true,"href":"https:\/\/jm-metropole.com.br\/site\/wp-json\/wp\/v2\/media\/8077"}],"wp:attachment":[{"href":"https:\/\/jm-metropole.com.br\/site\/wp-json\/wp\/v2\/media?parent=8076"}],"wp:term":[{"taxonomy":"category","embeddable":true,"href":"https:\/\/jm-metropole.com.br\/site\/wp-json\/wp\/v2\/categories?post=8076"},{"taxonomy":"post_tag","embeddable":true,"href":"https:\/\/jm-metropole.com.br\/site\/wp-json\/wp\/v2\/tags?post=8076"}],"curies":[{"name":"wp","href":"https:\/\/api.w.org\/{rel}","templated":true}]}}