{"id":8073,"date":"2023-04-11T09:06:32","date_gmt":"2023-04-11T12:06:32","guid":{"rendered":"https:\/\/jm-metropole.com.br\/site\/?p=8073"},"modified":"2023-04-11T09:07:02","modified_gmt":"2023-04-11T12:07:02","slug":"paixao-de-cristo-atrai-publico-de-mais-de-4-mil-pessoas-em-santa-isabel","status":"publish","type":"post","link":"https:\/\/jm-metropole.com.br\/site\/paixao-de-cristo-atrai-publico-de-mais-de-4-mil-pessoas-em-santa-isabel\/","title":{"rendered":"PAIX\u00c3O DE CRISTO ATRAI P\u00daBLICO DE MAIS DE 4 MIL PESSOAS, EM SANTA ISABEL"},"content":{"rendered":"<p>A tradicional encena\u00e7\u00e3o da Paix\u00e3o de Cristo, que acontece h\u00e1 23 anos, em Santa Isabel, atraiu um p\u00fablico de mais de 4 mil pessoas, que se reuniram em frente a Pra\u00e7a 1812.<\/p>\n<p>O espet\u00e1culo que estava programado para a sexta-feira (07\/04) precisou ser adiado por conta das chuvas, e ocorreu na noite do domingo de P\u00e1scoa (09\/04).<\/p>\n<p>Com o tema &#8220;Fazei isso em mem\u00f3ria de mim&#8221;, a pe\u00e7a foi dirigida por Emerson Bicudo, e produzida pela A Companhia do Teatro, promovida pela Prefeitura de Santa Isabel, por meio da Secretaria de Cultura.<\/p>\n<p>Mais de 100 pessoas participaram da pe\u00e7a, entre atores, produ\u00e7\u00e3o e t\u00e9cnica. O espet\u00e1culo teve dura\u00e7\u00e3o de cerca de 2 horas e prendeu a aten\u00e7\u00e3o do p\u00fablico do in\u00edcio ao fim.<\/p>\n<p>Este ano, a pe\u00e7a trouxe em sua tem\u00e1tica uma passagem do livro de Lucas, cap\u00edtulo 22, vers\u00edculo 19. A abordagem escolhida evoca a ideia de lembrar a Paix\u00e3o de Cristo, e preservar a mem\u00f3ria da hist\u00f3ria de Jesus.<\/p>\n<p>HOMENAGEM<\/p>\n<p>O teatr\u00f3logo, Netto Maia foi homenageado por ter sido precursor da realiza\u00e7\u00e3o da pe\u00e7a em Santa Isabel. Entusiasta de todas as manifesta\u00e7\u00f5es culturais, Netto recebeu o reconhecimento por todo o trabalho desenvolvido em favor da arte.<\/p>\n","protected":false},"excerpt":{"rendered":"<p>A tradicional encena\u00e7\u00e3o da Paix\u00e3o de Cristo, que acontece h\u00e1 23 anos, em Santa Isabel, atraiu um p\u00fablico de mais de 4 mil pessoas, que se reuniram em frente a Pra\u00e7a 1812. O espet\u00e1culo que estava programado para a sexta-feira (07\/04) precisou ser adiado por conta das chuvas, e ocorreu na noite do domingo de [&hellip;]<\/p>\n","protected":false},"author":1,"featured_media":8074,"comment_status":"open","ping_status":"open","sticky":false,"template":"","format":"standard","meta":{"footnotes":""},"categories":[5],"tags":[],"class_list":{"0":"post-8073","1":"post","2":"type-post","3":"status-publish","4":"format-standard","5":"has-post-thumbnail","7":"category-santa-isabel"},"_links":{"self":[{"href":"https:\/\/jm-metropole.com.br\/site\/wp-json\/wp\/v2\/posts\/8073","targetHints":{"allow":["GET"]}}],"collection":[{"href":"https:\/\/jm-metropole.com.br\/site\/wp-json\/wp\/v2\/posts"}],"about":[{"href":"https:\/\/jm-metropole.com.br\/site\/wp-json\/wp\/v2\/types\/post"}],"author":[{"embeddable":true,"href":"https:\/\/jm-metropole.com.br\/site\/wp-json\/wp\/v2\/users\/1"}],"replies":[{"embeddable":true,"href":"https:\/\/jm-metropole.com.br\/site\/wp-json\/wp\/v2\/comments?post=8073"}],"version-history":[{"count":1,"href":"https:\/\/jm-metropole.com.br\/site\/wp-json\/wp\/v2\/posts\/8073\/revisions"}],"predecessor-version":[{"id":8075,"href":"https:\/\/jm-metropole.com.br\/site\/wp-json\/wp\/v2\/posts\/8073\/revisions\/8075"}],"wp:featuredmedia":[{"embeddable":true,"href":"https:\/\/jm-metropole.com.br\/site\/wp-json\/wp\/v2\/media\/8074"}],"wp:attachment":[{"href":"https:\/\/jm-metropole.com.br\/site\/wp-json\/wp\/v2\/media?parent=8073"}],"wp:term":[{"taxonomy":"category","embeddable":true,"href":"https:\/\/jm-metropole.com.br\/site\/wp-json\/wp\/v2\/categories?post=8073"},{"taxonomy":"post_tag","embeddable":true,"href":"https:\/\/jm-metropole.com.br\/site\/wp-json\/wp\/v2\/tags?post=8073"}],"curies":[{"name":"wp","href":"https:\/\/api.w.org\/{rel}","templated":true}]}}