{"id":8070,"date":"2023-04-11T07:14:54","date_gmt":"2023-04-11T10:14:54","guid":{"rendered":"https:\/\/jm-metropole.com.br\/site\/?p=8070"},"modified":"2023-04-11T07:14:54","modified_gmt":"2023-04-11T10:14:54","slug":"secretaria-de-saude-de-poa-reforca-necessidade-de-vacinacao-contra-a-febre-amarela","status":"publish","type":"post","link":"https:\/\/jm-metropole.com.br\/site\/secretaria-de-saude-de-poa-reforca-necessidade-de-vacinacao-contra-a-febre-amarela\/","title":{"rendered":"Secretaria de Sa\u00fade de Po\u00e1 refor\u00e7a necessidade de vacina\u00e7\u00e3o contra a Febre Amarela"},"content":{"rendered":"<p>Imuniza\u00e7\u00e3o \u00e9 realizada em todas as Unidades B\u00e1sicas de Sa\u00fade (UBS) das 09 \u00e0s 15 horas<\/p>\n<p>A Secretaria de Sa\u00fade de Po\u00e1, por meio do Departamento de Vigil\u00e2ncia em Sa\u00fade refor\u00e7a a necessidade de vacina\u00e7\u00e3o contra a Febre Amarela. O imunizante \u00e9 destinado para mun\u00edcipes a partir dos nove meses que ainda n\u00e3o foram vacinados. A imuniza\u00e7\u00e3o \u00e9 realizada em todas as Unidades B\u00e1sicas de Sa\u00fade (UBS), de segunda a sexta-feira, das 09 \u00e0s 15 horas.<\/p>\n<p>Ainda de acordo com a Pasta, pessoas que receberam apenas uma dose da vacina antes de completarem cinco anos de idade, necessitam de outra dose para refor\u00e7o. Vale ressaltar que a vacina da Febre Amarela \u00e9 contraindicada para pacientes imunossuprimidos, gestantes e mulheres que estejam amamentando crian\u00e7as at\u00e9 os seis meses idade. Al\u00e9m disso, em caso de viagem para regi\u00f5es end\u00eamicas, a vacina deve ser administrada pelo menos com 10 dias de anteced\u00eancia.<\/p>\n<p>\u201cN\u00f3s estamos com um alto estoque do imunizante e o n\u00edvel de procura est\u00e1 abaixo do esperado. A febre amarela pode atingir a todos, por isso, \u00e9 importante que as pessoas que ainda n\u00e3o se vacinaram compare\u00e7am at\u00e9 uma das Unidades B\u00e1sicas de Sa\u00fade e recebam o imunizante\u201d, destacou o diretor do Departamento, Leonardo Barbosa Garcia.<\/p>\n<p>Para conseguir ser imunizado o mun\u00edcipe precisa apresentar um documento com foto, al\u00e9m da caderneta de vacina\u00e7\u00e3o. \u201cEstar em dia com a caderneta de vacina\u00e7\u00e3o \u00e9 fundamental para garantir a prote\u00e7\u00e3o contra diversas doen\u00e7as. E com a Febre Amarela n\u00e3o \u00e9 diferente, se vacinar \u00e9 a \u00fanica forma de preven\u00e7\u00e3o contra a doen\u00e7a\u201d, disse o chefe da Pasta, Alexandre Provisor.<\/p>\n<p>A imuniza\u00e7\u00e3o ocorre em todos os postos de sa\u00fade, de segunda a sexta-feira, das 09 \u00e0s 15 horas.<\/p>\n<p>Foto: Secom \u2013 Po\u00e1<\/p>\n","protected":false},"excerpt":{"rendered":"<p>Imuniza\u00e7\u00e3o \u00e9 realizada em todas as Unidades B\u00e1sicas de Sa\u00fade (UBS) das 09 \u00e0s 15 horas A Secretaria de Sa\u00fade de Po\u00e1, por meio do Departamento de Vigil\u00e2ncia em Sa\u00fade refor\u00e7a a necessidade de vacina\u00e7\u00e3o contra a Febre Amarela. O imunizante \u00e9 destinado para mun\u00edcipes a partir dos nove meses que ainda n\u00e3o foram vacinados. [&hellip;]<\/p>\n","protected":false},"author":1,"featured_media":8071,"comment_status":"open","ping_status":"open","sticky":false,"template":"","format":"standard","meta":{"footnotes":""},"categories":[19],"tags":[],"class_list":{"0":"post-8070","1":"post","2":"type-post","3":"status-publish","4":"format-standard","5":"has-post-thumbnail","7":"category-poa"},"_links":{"self":[{"href":"https:\/\/jm-metropole.com.br\/site\/wp-json\/wp\/v2\/posts\/8070","targetHints":{"allow":["GET"]}}],"collection":[{"href":"https:\/\/jm-metropole.com.br\/site\/wp-json\/wp\/v2\/posts"}],"about":[{"href":"https:\/\/jm-metropole.com.br\/site\/wp-json\/wp\/v2\/types\/post"}],"author":[{"embeddable":true,"href":"https:\/\/jm-metropole.com.br\/site\/wp-json\/wp\/v2\/users\/1"}],"replies":[{"embeddable":true,"href":"https:\/\/jm-metropole.com.br\/site\/wp-json\/wp\/v2\/comments?post=8070"}],"version-history":[{"count":1,"href":"https:\/\/jm-metropole.com.br\/site\/wp-json\/wp\/v2\/posts\/8070\/revisions"}],"predecessor-version":[{"id":8072,"href":"https:\/\/jm-metropole.com.br\/site\/wp-json\/wp\/v2\/posts\/8070\/revisions\/8072"}],"wp:featuredmedia":[{"embeddable":true,"href":"https:\/\/jm-metropole.com.br\/site\/wp-json\/wp\/v2\/media\/8071"}],"wp:attachment":[{"href":"https:\/\/jm-metropole.com.br\/site\/wp-json\/wp\/v2\/media?parent=8070"}],"wp:term":[{"taxonomy":"category","embeddable":true,"href":"https:\/\/jm-metropole.com.br\/site\/wp-json\/wp\/v2\/categories?post=8070"},{"taxonomy":"post_tag","embeddable":true,"href":"https:\/\/jm-metropole.com.br\/site\/wp-json\/wp\/v2\/tags?post=8070"}],"curies":[{"name":"wp","href":"https:\/\/api.w.org\/{rel}","templated":true}]}}