{"id":8062,"date":"2023-04-10T15:38:37","date_gmt":"2023-04-10T18:38:37","guid":{"rendered":"https:\/\/jm-metropole.com.br\/site\/?p=8062"},"modified":"2023-04-10T15:38:37","modified_gmt":"2023-04-10T18:38:37","slug":"itaqua-registra-queda-de-80-no-numero-de-casos-de-dengue-no-primeiro-trimestre-de-2023","status":"publish","type":"post","link":"https:\/\/jm-metropole.com.br\/site\/itaqua-registra-queda-de-80-no-numero-de-casos-de-dengue-no-primeiro-trimestre-de-2023\/","title":{"rendered":"Itaqu\u00e1 registra queda de 80% no n\u00famero de casos de dengue no primeiro trimestre de 2023"},"content":{"rendered":"<p>Levantamento aponta 47 casos confirmados de janeiro a mar\u00e7o de 2022 e nove no mesmo per\u00edodo deste ano<\/p>\n<p>A Secretaria de Sa\u00fade de Itaquaquecetuba registrou queda de 80,85% no n\u00famero de casos de dengue confirmados no munic\u00edpio. O levantamento considera janeiro a mar\u00e7o de 2022, quando 47 casos foram comprovados, e o mesmo per\u00edodo deste ano, com nove casos.<\/p>\n<p>Al\u00e9m da redu\u00e7\u00e3o no n\u00famero de casos confirmados, a pasta tamb\u00e9m identificou a diminui\u00e7\u00e3o de 41,74% nos casos suspeitos, passando de 103 nos tr\u00eas primeiros meses do ano passado para 60 neste ano.<\/p>\n<p>A queda foi poss\u00edvel atrav\u00e9s do fortalecimento das campanhas de combate ao mosquito e das a\u00e7\u00f5es de preven\u00e7\u00e3o \u00e0 dengue e demais arboviroses (doen\u00e7as transmitidas principalmente por mosquitos), que s\u00e3o permanentes no munic\u00edpio.<\/p>\n<p>Os trabalhos consistem no acompanhamento dos agentes comunit\u00e1rios e do Centro de Controle de Zoonoses (CCZ), que realizam bloqueios em regi\u00f5es end\u00eamicas e fazem o acompanhamento do \u00edndice larv\u00e1rio do vetor Aedes aegypti, al\u00e9m de a\u00e7\u00f5es educativas, controle de pontos estrat\u00e9gicos e fiscaliza\u00e7\u00e3o de poss\u00edveis focos.<\/p>\n<p>&#8220;A queda no n\u00famero de casos confirmados e suspeitos representa, de forma concreta, todo o trabalho que nossas equipes v\u00eam tendo nos \u00faltimos meses no combate \u00e0 dengue. Temos uma frente ampla e ativa que atua de forma estrat\u00e9gica nos bairros e com visitas \u00e0s resid\u00eancias&#8221;, comentou a secret\u00e1ria de Sa\u00fade, Ariana Juli\u00e3o.<\/p>\n<p>Trata-se das campanhas Bloqueio e Casa a Casa, que fiscalizam casas, terrenos baldios e abandonados em diferentes pontos. Al\u00e9m disso, as a\u00e7\u00f5es orientam a popula\u00e7\u00e3o sobre a import\u00e2ncia de evitar poss\u00edveis focos mantendo o quintal limpo e sem \u00e1gua parada.<\/p>\n<p>&#8220;Itaqu\u00e1 registrava muitos casos de dengue, mas agora temos uma grande equipe realmente focada no combate. A queda \u00e9 uma boa not\u00edcia, mas seguiremos acompanhando de perto e mantendo as medidas de preven\u00e7\u00e3o&#8221;, completou o prefeito Eduardo Boigues.<\/p>\n<p>Foto: Dayane Oliveira<\/p>\n","protected":false},"excerpt":{"rendered":"<p>Levantamento aponta 47 casos confirmados de janeiro a mar\u00e7o de 2022 e nove no mesmo per\u00edodo deste ano A Secretaria de Sa\u00fade de Itaquaquecetuba registrou queda de 80,85% no n\u00famero de casos de dengue confirmados no munic\u00edpio. O levantamento considera janeiro a mar\u00e7o de 2022, quando 47 casos foram comprovados, e o mesmo per\u00edodo deste [&hellip;]<\/p>\n","protected":false},"author":1,"featured_media":8063,"comment_status":"open","ping_status":"open","sticky":false,"template":"","format":"standard","meta":{"footnotes":""},"categories":[6],"tags":[],"class_list":{"0":"post-8062","1":"post","2":"type-post","3":"status-publish","4":"format-standard","5":"has-post-thumbnail","7":"category-itaqua"},"_links":{"self":[{"href":"https:\/\/jm-metropole.com.br\/site\/wp-json\/wp\/v2\/posts\/8062","targetHints":{"allow":["GET"]}}],"collection":[{"href":"https:\/\/jm-metropole.com.br\/site\/wp-json\/wp\/v2\/posts"}],"about":[{"href":"https:\/\/jm-metropole.com.br\/site\/wp-json\/wp\/v2\/types\/post"}],"author":[{"embeddable":true,"href":"https:\/\/jm-metropole.com.br\/site\/wp-json\/wp\/v2\/users\/1"}],"replies":[{"embeddable":true,"href":"https:\/\/jm-metropole.com.br\/site\/wp-json\/wp\/v2\/comments?post=8062"}],"version-history":[{"count":1,"href":"https:\/\/jm-metropole.com.br\/site\/wp-json\/wp\/v2\/posts\/8062\/revisions"}],"predecessor-version":[{"id":8064,"href":"https:\/\/jm-metropole.com.br\/site\/wp-json\/wp\/v2\/posts\/8062\/revisions\/8064"}],"wp:featuredmedia":[{"embeddable":true,"href":"https:\/\/jm-metropole.com.br\/site\/wp-json\/wp\/v2\/media\/8063"}],"wp:attachment":[{"href":"https:\/\/jm-metropole.com.br\/site\/wp-json\/wp\/v2\/media?parent=8062"}],"wp:term":[{"taxonomy":"category","embeddable":true,"href":"https:\/\/jm-metropole.com.br\/site\/wp-json\/wp\/v2\/categories?post=8062"},{"taxonomy":"post_tag","embeddable":true,"href":"https:\/\/jm-metropole.com.br\/site\/wp-json\/wp\/v2\/tags?post=8062"}],"curies":[{"name":"wp","href":"https:\/\/api.w.org\/{rel}","templated":true}]}}