{"id":8055,"date":"2023-04-08T12:34:16","date_gmt":"2023-04-08T15:34:16","guid":{"rendered":"https:\/\/jm-metropole.com.br\/site\/?p=8055"},"modified":"2023-04-08T12:34:16","modified_gmt":"2023-04-08T15:34:16","slug":"van-do-cadunico-atendera-no-parque-das-nacoes-entre-os-dias-10-de-20-de-abril","status":"publish","type":"post","link":"https:\/\/jm-metropole.com.br\/site\/van-do-cadunico-atendera-no-parque-das-nacoes-entre-os-dias-10-de-20-de-abril\/","title":{"rendered":"Van do Cad\u00danico atender\u00e1 no Parque das Na\u00e7\u00f5es entre os dias 10 de 20 de abril"},"content":{"rendered":"<p>A Van do Cad\u00danico, equipamento m\u00f3vel de assist\u00eancia social da Prefeitura de Guarulhos, atender\u00e1 no Parque das Na\u00e7\u00f5es entre os dias 10 e 20 de abril. A unidade estar\u00e1 estacionada na UBS Jurema, na rua Primeira Cruz, 104, e receber\u00e1 a popula\u00e7\u00e3o de segunda a sexta-feira, das 9h \u00e0s 16h. Ser\u00e3o entregues 60 senhas por dia no pr\u00f3prio local.<\/p>\n<p>O equipamento oferece orienta\u00e7\u00f5es e a realiza\u00e7\u00e3o de novas inscri\u00e7\u00f5es no Cadastro \u00danico para Programas Sociais (Cad\u00danico), por meio do qual \u00e9 poss\u00edvel acessar benef\u00edcios como Bolsa Fam\u00edlia, Tarifa Social de Energia El\u00e9trica, Carteira do Idoso, BPC-Loas, Viva Leite, ID Jovem e outros. Tamb\u00e9m ser\u00e1 poss\u00edvel atualizar o cadastro com endere\u00e7o, telefone, email e renda.<\/p>\n<p>Documentos necess\u00e1rios<\/p>\n<p>Para obter atendimento no local os adultos dever\u00e3o apresentar RG, CPF, Certid\u00e3o de Casamento, Carteira de Trabalho f\u00edsica ou digital (CTPS), \u00faltimo holerite (caso tenha registro na carteira), T\u00edtulo Eleitoral e comprovante de endere\u00e7o (de prefer\u00eancia conta de luz), mesmo que n\u00e3o esteja no nome.<\/p>\n<p>J\u00e1 para o registro de crian\u00e7as e adolescentes devem ser apresentados RG, CPF, Certid\u00e3o de Nascimento, o nome da escola e da s\u00e9rie que cursam.<\/p>\n","protected":false},"excerpt":{"rendered":"<p>A Van do Cad\u00danico, equipamento m\u00f3vel de assist\u00eancia social da Prefeitura de Guarulhos, atender\u00e1 no Parque das Na\u00e7\u00f5es entre os dias 10 e 20 de abril. A unidade estar\u00e1 estacionada na UBS Jurema, na rua Primeira Cruz, 104, e receber\u00e1 a popula\u00e7\u00e3o de segunda a sexta-feira, das 9h \u00e0s 16h. Ser\u00e3o entregues 60 senhas por [&hellip;]<\/p>\n","protected":false},"author":1,"featured_media":8056,"comment_status":"open","ping_status":"open","sticky":false,"template":"","format":"standard","meta":{"footnotes":""},"categories":[3],"tags":[],"class_list":{"0":"post-8055","1":"post","2":"type-post","3":"status-publish","4":"format-standard","5":"has-post-thumbnail","7":"category-guarulhos"},"_links":{"self":[{"href":"https:\/\/jm-metropole.com.br\/site\/wp-json\/wp\/v2\/posts\/8055","targetHints":{"allow":["GET"]}}],"collection":[{"href":"https:\/\/jm-metropole.com.br\/site\/wp-json\/wp\/v2\/posts"}],"about":[{"href":"https:\/\/jm-metropole.com.br\/site\/wp-json\/wp\/v2\/types\/post"}],"author":[{"embeddable":true,"href":"https:\/\/jm-metropole.com.br\/site\/wp-json\/wp\/v2\/users\/1"}],"replies":[{"embeddable":true,"href":"https:\/\/jm-metropole.com.br\/site\/wp-json\/wp\/v2\/comments?post=8055"}],"version-history":[{"count":1,"href":"https:\/\/jm-metropole.com.br\/site\/wp-json\/wp\/v2\/posts\/8055\/revisions"}],"predecessor-version":[{"id":8057,"href":"https:\/\/jm-metropole.com.br\/site\/wp-json\/wp\/v2\/posts\/8055\/revisions\/8057"}],"wp:featuredmedia":[{"embeddable":true,"href":"https:\/\/jm-metropole.com.br\/site\/wp-json\/wp\/v2\/media\/8056"}],"wp:attachment":[{"href":"https:\/\/jm-metropole.com.br\/site\/wp-json\/wp\/v2\/media?parent=8055"}],"wp:term":[{"taxonomy":"category","embeddable":true,"href":"https:\/\/jm-metropole.com.br\/site\/wp-json\/wp\/v2\/categories?post=8055"},{"taxonomy":"post_tag","embeddable":true,"href":"https:\/\/jm-metropole.com.br\/site\/wp-json\/wp\/v2\/tags?post=8055"}],"curies":[{"name":"wp","href":"https:\/\/api.w.org\/{rel}","templated":true}]}}