{"id":802,"date":"2022-06-02T17:36:24","date_gmt":"2022-06-02T20:36:24","guid":{"rendered":"https:\/\/jm-metropole.com.br\/site\/?p=802"},"modified":"2022-06-02T20:25:50","modified_gmt":"2022-06-02T23:25:50","slug":"declaracao-anual-do-simples-nacional-e-prorrogado-e-sebrae-de-poa-realiza-acao-para-meis","status":"publish","type":"post","link":"https:\/\/jm-metropole.com.br\/site\/declaracao-anual-do-simples-nacional-e-prorrogado-e-sebrae-de-poa-realiza-acao-para-meis\/","title":{"rendered":"Declara\u00e7\u00e3o Anual do Simples Nacional \u00e9 prorrogado e Sebrae de Po\u00e1 realiza a\u00e7\u00e3o para MEI\u2019s"},"content":{"rendered":"<p>Microempreendedores individuais t\u00eam at\u00e9 o dia 30 de junho para entregar a DASN-SIMEI e evitar a emiss\u00e3o da multa por parte da Receita Federal<\/p>\n<p>O N\u00facleo de Atendimento \u00e0 Popula\u00e7\u00e3o (NAP) iniciou nesta quarta-feira (01\/06), uma a\u00e7\u00e3o junto aos microempreendedores individuais para realiza\u00e7\u00e3o das Declara\u00e7\u00f5es, ap\u00f3s o an\u00fancio da Receita Federal sobre a prorroga\u00e7\u00e3o do prazo final de entrega da Declara\u00e7\u00e3o Anual do Simples Nacional para o Microempreendedor Individual (DASN \u2013 SIMEI), que agora pode ser feita at\u00e9 o pr\u00f3ximo dia 30 de junho (inicialmente marcado para 31 de maio).<\/p>\n<p>De acordo com a coordenadora do posto Sebrae em Po\u00e1, Rose Prado, durante todo o m\u00eas o atendimento na unidade priorizar\u00e1 o microempreendedor individual, em virtude do prazo para realiza\u00e7\u00e3o da declara\u00e7\u00e3o. \u201c\u00c9 muito importante que o empres\u00e1rio se atente a nova data de entrega da DASN-SIMEI. A transmiss\u00e3o da declara\u00e7\u00e3o que for feita a partir do dia seguinte ao prazo de entrega n\u00e3o ser\u00e1 considerada e, neste caso, a Receita Federal emitir\u00e1 uma Notifica\u00e7\u00e3o de Lan\u00e7amento de MAED (Multa de Atraso por Entrega de Declara\u00e7\u00e3o), e uma DARF (Documento de Arrecada\u00e7\u00e3o de Receitas Federais) para pagamento da multa\u201d, disse.<\/p>\n<p>O secret\u00e1rio de Ind\u00fastria, Com\u00e9rcio, Emprego e Rela\u00e7\u00f5es do Trabalho, Alcides Leme Silva Junior, respons\u00e1vel pelo NAP, ressaltou que a Declara\u00e7\u00e3o Anual Simplificada para o microempreendedor individual deve ser apresentada por todos os empres\u00e1rios que foram optantes pelo SIMEI, em pelo menos um dia do ano-calend\u00e1rio a que ela se refere. \u201cVale ressaltar que o MEI que n\u00e3o manter as contribui\u00e7\u00f5es mensais em dia, pode perder benef\u00edcios previdenci\u00e1rios ou levar mais tempo para se aposentar, al\u00e9m de pagar multas e juros pela inadimpl\u00eancia\u201d, destacou.<\/p>\n<p>SERVI\u00c7O<br \/>\nPara realizar a Declara\u00e7\u00e3o Anual, o microempreendedor individual deve acessar o site www.portaldoempreendedor.gov.br, selecionar a op\u00e7\u00e3o \u201cDeclara\u00e7\u00e3o Anual &#8211; DASN-SIMEI\u201d e preencher o campo a seguir com o CNPJ da empresa e os caracteres alfanum\u00e9ricos. Em seguida, basta clicar em \u201ccontinuar\u201d para chegar \u00e0s duas op\u00e7\u00f5es de Declara\u00e7\u00f5es\/Ano calend\u00e1rio: Original e Retificadora.<\/p>\n<p>Para realizar a Declara\u00e7\u00e3o Anual basta comparecer ao posto do Sebrae de Po\u00e1, localizado no NAP (rua Vinte e Seis de Mar\u00e7o, 72, Centro, de segunda a sexta-feira, das 8 \u00e0s 17 horas. Para mais informa\u00e7\u00f5es, os interessados tamb\u00e9m podem ligar para o telefone 4639-7786. \u201cO posto Sebrae est\u00e1 a disposi\u00e7\u00e3o para todos os servi\u00e7os relacionados ao MEI. Formaliza\u00e7\u00e3o, baixa, declara\u00e7\u00e3o anual, atualiza\u00e7\u00e3o cadastral, regulariza\u00e7\u00e3o, suspens\u00f5es de alvar\u00e1, desbloqueios de nota fiscal e toda a parte administrativa da categoria MEI \u00e9 feita aqui na unidade\u201d, finalizou a coordenadora.<\/p>\n<p>FOTOS: Ronaldo Andrade \u2013 Secom Po\u00e1<\/p>\n","protected":false},"excerpt":{"rendered":"<p>Microempreendedores individuais t\u00eam at\u00e9 o dia 30 de junho para entregar a DASN-SIMEI e evitar a emiss\u00e3o da multa por parte da Receita Federal O N\u00facleo de Atendimento \u00e0 Popula\u00e7\u00e3o (NAP) iniciou nesta quarta-feira (01\/06), uma a\u00e7\u00e3o junto aos microempreendedores individuais para realiza\u00e7\u00e3o das Declara\u00e7\u00f5es, ap\u00f3s o an\u00fancio da Receita Federal sobre a prorroga\u00e7\u00e3o do [&hellip;]<\/p>\n","protected":false},"author":1,"featured_media":803,"comment_status":"open","ping_status":"open","sticky":false,"template":"","format":"standard","meta":{"footnotes":""},"categories":[19],"tags":[],"class_list":{"0":"post-802","1":"post","2":"type-post","3":"status-publish","4":"format-standard","5":"has-post-thumbnail","7":"category-poa"},"_links":{"self":[{"href":"https:\/\/jm-metropole.com.br\/site\/wp-json\/wp\/v2\/posts\/802","targetHints":{"allow":["GET"]}}],"collection":[{"href":"https:\/\/jm-metropole.com.br\/site\/wp-json\/wp\/v2\/posts"}],"about":[{"href":"https:\/\/jm-metropole.com.br\/site\/wp-json\/wp\/v2\/types\/post"}],"author":[{"embeddable":true,"href":"https:\/\/jm-metropole.com.br\/site\/wp-json\/wp\/v2\/users\/1"}],"replies":[{"embeddable":true,"href":"https:\/\/jm-metropole.com.br\/site\/wp-json\/wp\/v2\/comments?post=802"}],"version-history":[{"count":1,"href":"https:\/\/jm-metropole.com.br\/site\/wp-json\/wp\/v2\/posts\/802\/revisions"}],"predecessor-version":[{"id":804,"href":"https:\/\/jm-metropole.com.br\/site\/wp-json\/wp\/v2\/posts\/802\/revisions\/804"}],"wp:featuredmedia":[{"embeddable":true,"href":"https:\/\/jm-metropole.com.br\/site\/wp-json\/wp\/v2\/media\/803"}],"wp:attachment":[{"href":"https:\/\/jm-metropole.com.br\/site\/wp-json\/wp\/v2\/media?parent=802"}],"wp:term":[{"taxonomy":"category","embeddable":true,"href":"https:\/\/jm-metropole.com.br\/site\/wp-json\/wp\/v2\/categories?post=802"},{"taxonomy":"post_tag","embeddable":true,"href":"https:\/\/jm-metropole.com.br\/site\/wp-json\/wp\/v2\/tags?post=802"}],"curies":[{"name":"wp","href":"https:\/\/api.w.org\/{rel}","templated":true}]}}