{"id":792,"date":"2022-06-02T09:21:25","date_gmt":"2022-06-02T12:21:25","guid":{"rendered":"https:\/\/jm-metropole.com.br\/site\/?p=792"},"modified":"2022-06-02T20:25:28","modified_gmt":"2022-06-02T23:25:28","slug":"fechado-ha-2-dias-compre-bem-do-cecap-deixa-clientes-sem-atendimento-e-explicacao","status":"publish","type":"post","link":"https:\/\/jm-metropole.com.br\/site\/fechado-ha-2-dias-compre-bem-do-cecap-deixa-clientes-sem-atendimento-e-explicacao\/","title":{"rendered":"Fechado h\u00e1 2 dias Compre Bem do Cecap deixa clientes sem atendimento e explica\u00e7\u00e3o"},"content":{"rendered":"<p>A loja do supermercado Compre Bem, localizada no centro comercial do Parque Cecap est\u00e1 fechada h\u00e1 2 dias, causando transtornos a popula\u00e7\u00e3o do bairro que necessita fazer compras, abastecer suas casas e n\u00e3o tem op\u00e7\u00e3o, j\u00e1 que o estabelecimento \u00e9 o \u00fanico do segmento no local.<\/p>\n<p>O descaso com os clientes \u00e9 total, que ficam prejudicados, sem nenhuma resolu\u00e7\u00e3o que atenda as suas necessidades e acabam ficando somente com justificativas vazias e promessas que n\u00e3o se cumprem.<\/p>\n<p>De acordo com informa\u00e7\u00f5es de funcion\u00e1rios, o motivo do problema foi a troca de sistema da loja, que at\u00e9 o momento n\u00e3o entrou em opera\u00e7\u00e3o.<br \/>\nAinda de acordo com o estabelecimento, a previs\u00e3o inicial para reabertura da loja seria nesta quinta-feira, \u00e0s 8h, uma hora ap\u00f3s o hor\u00e1rio normal de funcionamento do supermercado, mas que n\u00e3o se cumpriu.<\/p>\n<p>Na entrada da loja como se pode ver na foto, n\u00e3o h\u00e1 nenhuma mensagem explicativa aos clientes quanto ao problema e sobretudo sua resolu\u00e7\u00e3o. O que faz com que os consumidores, em sua maioria idosos, fiquem perdidos, na entrada do estacionamento, sem nenhuma satisfa\u00e7\u00e3o por parte do supermercado.<\/p>\n<p>Nem os caixas eletr\u00f4nicos que ficam na entrada da loja puderam ser utilizados pelos clientes, causando ainda mais transtornos aos usu\u00e1rios.<\/p>\n<p>A ger\u00eancia da loja foi procurada por nossa reportagem, mas mesmo ap\u00f3s quase uma hora de espera, n\u00e3o nos atendeu.<\/p>\n<p>Em pleno 2022, s\u00e9culo 21, \u00e9 inaceit\u00e1vel que uma marca do porte do Compre Bem tenha tamanho desprezo e desrespeito por seus clientes.<br \/>\nEnquanto isso os moradores continuam desabastecidos, desrespeitados e sem nenhuma informa\u00e7\u00e3o e a loja sem nenhuma previs\u00e3o de abertura.<\/p>\n","protected":false},"excerpt":{"rendered":"<p>A loja do supermercado Compre Bem, localizada no centro comercial do Parque Cecap est\u00e1 fechada h\u00e1 2 dias, causando transtornos a popula\u00e7\u00e3o do bairro que necessita fazer compras, abastecer suas casas e n\u00e3o tem op\u00e7\u00e3o, j\u00e1 que o estabelecimento \u00e9 o \u00fanico do segmento no local. O descaso com os clientes \u00e9 total, que ficam [&hellip;]<\/p>\n","protected":false},"author":1,"featured_media":794,"comment_status":"open","ping_status":"open","sticky":false,"template":"","format":"standard","meta":{"footnotes":""},"categories":[3],"tags":[],"class_list":{"0":"post-792","1":"post","2":"type-post","3":"status-publish","4":"format-standard","5":"has-post-thumbnail","7":"category-guarulhos"},"_links":{"self":[{"href":"https:\/\/jm-metropole.com.br\/site\/wp-json\/wp\/v2\/posts\/792","targetHints":{"allow":["GET"]}}],"collection":[{"href":"https:\/\/jm-metropole.com.br\/site\/wp-json\/wp\/v2\/posts"}],"about":[{"href":"https:\/\/jm-metropole.com.br\/site\/wp-json\/wp\/v2\/types\/post"}],"author":[{"embeddable":true,"href":"https:\/\/jm-metropole.com.br\/site\/wp-json\/wp\/v2\/users\/1"}],"replies":[{"embeddable":true,"href":"https:\/\/jm-metropole.com.br\/site\/wp-json\/wp\/v2\/comments?post=792"}],"version-history":[{"count":1,"href":"https:\/\/jm-metropole.com.br\/site\/wp-json\/wp\/v2\/posts\/792\/revisions"}],"predecessor-version":[{"id":795,"href":"https:\/\/jm-metropole.com.br\/site\/wp-json\/wp\/v2\/posts\/792\/revisions\/795"}],"wp:featuredmedia":[{"embeddable":true,"href":"https:\/\/jm-metropole.com.br\/site\/wp-json\/wp\/v2\/media\/794"}],"wp:attachment":[{"href":"https:\/\/jm-metropole.com.br\/site\/wp-json\/wp\/v2\/media?parent=792"}],"wp:term":[{"taxonomy":"category","embeddable":true,"href":"https:\/\/jm-metropole.com.br\/site\/wp-json\/wp\/v2\/categories?post=792"},{"taxonomy":"post_tag","embeddable":true,"href":"https:\/\/jm-metropole.com.br\/site\/wp-json\/wp\/v2\/tags?post=792"}],"curies":[{"name":"wp","href":"https:\/\/api.w.org\/{rel}","templated":true}]}}