{"id":783,"date":"2022-05-31T10:02:59","date_gmt":"2022-05-31T13:02:59","guid":{"rendered":"https:\/\/jm-metropole.com.br\/site\/?p=783"},"modified":"2022-05-31T10:02:59","modified_gmt":"2022-05-31T13:02:59","slug":"uniao-brasil-deseja-ter-sergio-moro-como-candidato-ao-governo-de-sp","status":"publish","type":"post","link":"https:\/\/jm-metropole.com.br\/site\/uniao-brasil-deseja-ter-sergio-moro-como-candidato-ao-governo-de-sp\/","title":{"rendered":"Uni\u00e3o Brasil deseja ter S\u00e9rgio Moro como candidato ao Governo de SP"},"content":{"rendered":"<p>Em entrevista para um site o vice-presidente do partido Uni\u00e3o Brasil em S\u00e3o Paulo, o deputado federal J\u00fanior Bozzella afirmou que a executiva do partido no estado deseja lan\u00e7ar o ex-juiz\u00a0Sergio Moro\u00a0como pr\u00e9-candidato ao governo do estado de S\u00e3o Paulo.<\/p>\n<p>De acordo com o deputado, h\u00e1 um consenso de que o nome de Moro fortaleceria a legenda em S\u00e3o Paulo.<\/p>\n<p>&#8220;H\u00e1 membros da executiva em S\u00e3o Paulo que querem colocar o Moro candidato a governador para ter um palanque no estado, fortalecer o 44 [n\u00famero do Uni\u00e3o Brasil]. Para alguns deputados, isso \u00e9 conveniente porque, com uma candidatura a governador, voc\u00ea teria um voto de legenda mais consider\u00e1vel&#8221;, afirmou\u00a0Bozzella.<\/p>\n<p>Para os l\u00edderes do Uni\u00e3o Brasil, Moro poderia servir como um cabo eleitoral do deputado federal Luciano Bivar, pr\u00e9-candidato ao Pal\u00e1cio do Planalto, e tamb\u00e9m ajudar a eleger deputados federais do partido.<\/p>\n<p>Existe ainda a expectativa da executiva do partido de lan\u00e7ar a esposa de S\u00e9rgio Moro, a advogada Ros\u00e2ngela Moro, como candidata a deputada. A c\u00fapula do partido considera que a dupla com Moro serviria ainda mais como um gancho para elei\u00e7\u00e3o de uma bancada federal robusta no Congresso.<\/p>\n","protected":false},"excerpt":{"rendered":"<p>Em entrevista para um site o vice-presidente do partido Uni\u00e3o Brasil em S\u00e3o Paulo, o deputado federal J\u00fanior Bozzella afirmou que a executiva do partido no estado deseja lan\u00e7ar o ex-juiz\u00a0Sergio Moro\u00a0como pr\u00e9-candidato ao governo do estado de S\u00e3o Paulo. De acordo com o deputado, h\u00e1 um consenso de que o nome de Moro fortaleceria [&hellip;]<\/p>\n","protected":false},"author":1,"featured_media":784,"comment_status":"open","ping_status":"open","sticky":false,"template":"","format":"standard","meta":{"footnotes":""},"categories":[1],"tags":[],"class_list":{"0":"post-783","1":"post","2":"type-post","3":"status-publish","4":"format-standard","5":"has-post-thumbnail","7":"category-tudo"},"_links":{"self":[{"href":"https:\/\/jm-metropole.com.br\/site\/wp-json\/wp\/v2\/posts\/783","targetHints":{"allow":["GET"]}}],"collection":[{"href":"https:\/\/jm-metropole.com.br\/site\/wp-json\/wp\/v2\/posts"}],"about":[{"href":"https:\/\/jm-metropole.com.br\/site\/wp-json\/wp\/v2\/types\/post"}],"author":[{"embeddable":true,"href":"https:\/\/jm-metropole.com.br\/site\/wp-json\/wp\/v2\/users\/1"}],"replies":[{"embeddable":true,"href":"https:\/\/jm-metropole.com.br\/site\/wp-json\/wp\/v2\/comments?post=783"}],"version-history":[{"count":1,"href":"https:\/\/jm-metropole.com.br\/site\/wp-json\/wp\/v2\/posts\/783\/revisions"}],"predecessor-version":[{"id":785,"href":"https:\/\/jm-metropole.com.br\/site\/wp-json\/wp\/v2\/posts\/783\/revisions\/785"}],"wp:featuredmedia":[{"embeddable":true,"href":"https:\/\/jm-metropole.com.br\/site\/wp-json\/wp\/v2\/media\/784"}],"wp:attachment":[{"href":"https:\/\/jm-metropole.com.br\/site\/wp-json\/wp\/v2\/media?parent=783"}],"wp:term":[{"taxonomy":"category","embeddable":true,"href":"https:\/\/jm-metropole.com.br\/site\/wp-json\/wp\/v2\/categories?post=783"},{"taxonomy":"post_tag","embeddable":true,"href":"https:\/\/jm-metropole.com.br\/site\/wp-json\/wp\/v2\/tags?post=783"}],"curies":[{"name":"wp","href":"https:\/\/api.w.org\/{rel}","templated":true}]}}