{"id":777,"date":"2022-05-30T09:49:12","date_gmt":"2022-05-30T12:49:12","guid":{"rendered":"https:\/\/jm-metropole.com.br\/site\/?p=777"},"modified":"2022-05-30T11:41:29","modified_gmt":"2022-05-30T14:41:29","slug":"virada-cultural-de-sao-paulo-e-marcada-por-violencia-generalizada","status":"publish","type":"post","link":"https:\/\/jm-metropole.com.br\/site\/virada-cultural-de-sao-paulo-e-marcada-por-violencia-generalizada\/","title":{"rendered":"Virada cultural de S\u00e3o Paulo \u00e9 marcada por viol\u00eancia generalizada"},"content":{"rendered":"<p>A virada cultural de S\u00e3o Paulo, evento tradicional para oferecer cultura a popula\u00e7\u00e3o de maneira gratuita, voltou a acontecer na capital paulista neste \u00faltimo final de semana (28\/29), ap\u00f3s dois anos de paralisa\u00e7\u00e3o por conta da pandemia da Covid-19.<\/p>\n<p>A edi\u00e7\u00e3o de 2022 infelizmente n\u00e3o teve como destaque somente a apresenta\u00e7\u00e3o dos v\u00e1rios artistas, que se dividiram nos palcos montados em diferentes locais da cidade.<\/p>\n<p>A viol\u00eancia foi protagonista tamb\u00e9m da virada. Na regi\u00e3o central da cidade, onde estava o palco principal, no Vale do Anhangaba\u00fa, bem como a \u00e1rea dos palcos das avenidas S\u00e3o Jo\u00e3o, Ipiranga e o viaduto do Ch\u00e1, foram registrados diversos roubos, furtos, espancamentos, arrast\u00f5es e tamb\u00e9m seis pessoas foram esfaqueadas.<\/p>\n<p>Na maioria dos casos o alvo dos roubos e arrast\u00f5es eram os aparelhos celulares do p\u00fablico que acompanhava o evento. Artistas que se apresentavam chegaram a interromper os shows diversas vezes por causa da viol\u00eancia.<\/p>\n<p>Membros da c\u00fapula da seguran\u00e7a p\u00fablica informaram que o n\u00famero de roubos registrados deve aumentar nos pr\u00f3ximos dias, j\u00e1 que uma parte das v\u00edtimas s\u00f3 percebe o furto depois e outra prefere fazer o boletim de ocorr\u00eancia pela internet.<\/p>\n<p>Houve tamb\u00e9m den\u00fancias de omiss\u00e3o e abuso cometidos pelos agentes de seguran\u00e7a durante o evento.<\/p>\n<p>A Prefeitura de S\u00e3o Paulo, informou que a GCM refor\u00e7ou o policiamento na regi\u00e3o central da cidade por causa dos epis\u00f3dios ocorridos no vale do Anhangaba\u00fa. Em rela\u00e7\u00e3o \u00e0s queixas sobre a omiss\u00e3o e eventuais abusos dos agentes de seguran\u00e7a, a prefeitura disse que apurar\u00e1 as den\u00fancias com rigor.<\/p>\n<p>J\u00e1 a Pol\u00edcia Militar informou que at\u00e9 a manh\u00e3 de domingo (29), n\u00e3o recebeu reclama\u00e7\u00f5es em rela\u00e7\u00e3o a abusos ou irregularidades no trabalho de policiais militares que aturaram na \u2018Virada Cultural\u2019.<\/p>\n<p>A PM informou ainda que disponibilizou 1.400 agentes para refor\u00e7ar a seguran\u00e7a durante o evento, n\u00famero menor ao de 2019, que contou na ocasi\u00e3o com 2.300 policiais.<br \/>\nA corpora\u00e7\u00e3o justificou a diminui\u00e7\u00e3o do efetivo na expectativa de comparecimento no evento que seria de 3 milh\u00f5es de pessoas a menos neste ano.<\/p>\n","protected":false},"excerpt":{"rendered":"<p>A virada cultural de S\u00e3o Paulo, evento tradicional para oferecer cultura a popula\u00e7\u00e3o de maneira gratuita, voltou a acontecer na capital paulista neste \u00faltimo final de semana (28\/29), ap\u00f3s dois anos de paralisa\u00e7\u00e3o por conta da pandemia da Covid-19. A edi\u00e7\u00e3o de 2022 infelizmente n\u00e3o teve como destaque somente a apresenta\u00e7\u00e3o dos v\u00e1rios artistas, que [&hellip;]<\/p>\n","protected":false},"author":1,"featured_media":778,"comment_status":"open","ping_status":"open","sticky":false,"template":"","format":"standard","meta":{"footnotes":""},"categories":[16],"tags":[],"class_list":{"0":"post-777","1":"post","2":"type-post","3":"status-publish","4":"format-standard","5":"has-post-thumbnail","7":"category-seguranca"},"_links":{"self":[{"href":"https:\/\/jm-metropole.com.br\/site\/wp-json\/wp\/v2\/posts\/777","targetHints":{"allow":["GET"]}}],"collection":[{"href":"https:\/\/jm-metropole.com.br\/site\/wp-json\/wp\/v2\/posts"}],"about":[{"href":"https:\/\/jm-metropole.com.br\/site\/wp-json\/wp\/v2\/types\/post"}],"author":[{"embeddable":true,"href":"https:\/\/jm-metropole.com.br\/site\/wp-json\/wp\/v2\/users\/1"}],"replies":[{"embeddable":true,"href":"https:\/\/jm-metropole.com.br\/site\/wp-json\/wp\/v2\/comments?post=777"}],"version-history":[{"count":1,"href":"https:\/\/jm-metropole.com.br\/site\/wp-json\/wp\/v2\/posts\/777\/revisions"}],"predecessor-version":[{"id":779,"href":"https:\/\/jm-metropole.com.br\/site\/wp-json\/wp\/v2\/posts\/777\/revisions\/779"}],"wp:featuredmedia":[{"embeddable":true,"href":"https:\/\/jm-metropole.com.br\/site\/wp-json\/wp\/v2\/media\/778"}],"wp:attachment":[{"href":"https:\/\/jm-metropole.com.br\/site\/wp-json\/wp\/v2\/media?parent=777"}],"wp:term":[{"taxonomy":"category","embeddable":true,"href":"https:\/\/jm-metropole.com.br\/site\/wp-json\/wp\/v2\/categories?post=777"},{"taxonomy":"post_tag","embeddable":true,"href":"https:\/\/jm-metropole.com.br\/site\/wp-json\/wp\/v2\/tags?post=777"}],"curies":[{"name":"wp","href":"https:\/\/api.w.org\/{rel}","templated":true}]}}