{"id":7711,"date":"2023-03-27T11:53:19","date_gmt":"2023-03-27T14:53:19","guid":{"rendered":"https:\/\/jm-metropole.com.br\/site\/?p=7711"},"modified":"2023-03-27T11:53:43","modified_gmt":"2023-03-27T14:53:43","slug":"prefeito-de-guararema-inaugura-nova-escola-no-bairro-nogueira","status":"publish","type":"post","link":"https:\/\/jm-metropole.com.br\/site\/prefeito-de-guararema-inaugura-nova-escola-no-bairro-nogueira\/","title":{"rendered":"Prefeito de Guararema inaugura nova escola no bairro Nogueira"},"content":{"rendered":"<p>Inaugurada em grande estilo neste s\u00e1bado (25), a Escola Municipal \u00c1quie Erruzo de Lara j\u00e1 est\u00e1 pronta para receber 120 alunos a partir de segunda-feira (27)<\/p>\n<p>Com direito a coral de alunos e apresenta\u00e7\u00e3o da Banda Municipal de Guararema (Bamugua), o prefeito de Guararema, o Z\u00e9, inaugurou neste s\u00e1bado (25) a Escola Municipal Professora \u00c1quie Erruzo, no bairro Nogueira. Mais do que uma solenidade de inaugura\u00e7\u00e3o, o evento teve um tour completo e aberto ao p\u00fablico pelas modernas instala\u00e7\u00f5es do pr\u00e9dio.<\/p>\n<p>A comunidade local abra\u00e7ou a instala\u00e7\u00e3o do equipamento e foi visit\u00e1-lo em primeira m\u00e3o. Durante o tour, o prefeito de Guararema, o Z\u00e9, mostrou que a obra vai al\u00e9m da constru\u00e7\u00e3o em si. \u201cEssa escola n\u00e3o foi feita s\u00f3 com tijolo, cimento e areia. Foi feita com sonhos, com muito carinho. \u00c9 isso o que estamos entregando, \u00e9 esse o nosso trabalho. Uma obra conquistada pelo nosso deputado Marcio Alvino, pelo nosso deputado Andr\u00e9 do Prado, e eu preciso agradecer muito a todo o time da prefeitura, em especial \u00e0 Secretaria Municipal de Obras, Meio Ambiente, Planejamento Urbano e Servi\u00e7os P\u00fablicos e tamb\u00e9m a secretaria de Educa\u00e7\u00e3o\u201d.<\/p>\n<p>Localizada estrategicamente na avenida Vereador Jair de Souza, a nova unidade de ensino tem capacidade para atendimento de at\u00e9 250 crian\u00e7as, e j\u00e1 est\u00e1 completamente pronta para receber 120 alunos de 6 meses a 5 anos (ber\u00e7\u00e1rio I ao Jardim II) a partir de segunda-feira (27).<\/p>\n<p>Z\u00e9 falou tamb\u00e9m das demais cinco unidades de ensino que est\u00e3o sendo constru\u00eddas em Guararema, nos bairros D\u2019Ajuda, Parate\u00ed, Morro Branco, Jardim Dulce e Nogueira. \u201cGest\u00e3o p\u00fablica s\u00e9ria se faz trabalhando, trabalhando e trabalhando. E em Guararema, Educa\u00e7\u00e3o vem sempre em primeiro lugar. Por isso investimos em escolas de qualidade, que transformam os bairros e a vida das pessoas\u201d. Exemplo de melhoria \u00e9 a pr\u00f3pria Escola Municipal \u00c1quie Erruzo de Lara, que proporcionou a cria\u00e7\u00e3o da rua Roberto Fernandes de Morais, que liga outras duas vias e facilita o deslocamento dos mun\u00edcipes, em um caminho com cal\u00e7adas arborizadas e piso asf\u00e1ltico novo.<\/p>\n<p>A secret\u00e1ria municipal de Educa\u00e7\u00e3o, Clara Assump\u00e7\u00e3o Eroles Freire Nunes, al\u00e9m de entregar o pr\u00eamio \u2018Gestor Amigo da Educa\u00e7\u00e3o\u2019 \u00e0 servidores municipais e autoridades que desempenham pap\u00e9is de excel\u00eancia, fez quest\u00e3o de agradecer por todo o aprendizado que teve com a professora homenageada.<\/p>\n<p>\u201cEm 1978 eu fui aluna da \u00c1quie, uma pessoa incr\u00edvel, que ensinava muito al\u00e9m do que estava nos livros. Ela nos preparava para a vida, e por isso hoje \u00e9 reconhecida como a patrona da nossa nova escola. Agrade\u00e7o a ela, e tamb\u00e9m \u00e0 fam\u00edlia dela, em nome de Joralane e Jefferson, que est\u00e3o aqui presentes e recebem um exemplar do livro \u2018Guararema dos Meus Sonhos\u2019\u201d, disse ela.<\/p>\n<p>J\u00e1 Andr\u00e9 do Prado, que fez quest\u00e3o de estar presente, enalteceu as qualidades de Guararema. \u201cJ\u00e1 fui vereador e prefeito de Guararema, e hoje, enquanto deputado estadual e presidente da Assembleia Legislativa do Estado (Alesp), continuo defendendo as causas da cidade, porque sei que o que temos aqui, em pr\u00e9dios como este, \u00e9 de primeira qualidade e motivo de orgulho\u201d.<\/p>\n<p>Al\u00e9m deles, outras autoridades tamb\u00e9m estiveram presentes e puderam conhecer as seis salas de aula, duas salas de descanto, dois ber\u00e7\u00e1rios, brinquedoteca, brinquedoteca baby, horta, playfarm (espa\u00e7o de brincar com tema de fazendinha), frald\u00e1rio, lact\u00e1rio e varandas pedag\u00f3gicas.<\/p>\n<p>Participaram da revela\u00e7\u00e3o da placa da escola a primeira-dama e presidente do Fundo Social de Solidariedade de Guararema, Carmen Rosana de Moura Santos Pierucetti, acompanhada da filha, Pietra Freire, o vice-prefeito e secret\u00e1rio municipal de Emprego e Desenvolvimento Econ\u00f4mico, Odvane Rodrigues da Silva; o secret\u00e1rio municipal de Esportes e Lazer, Sidnei Leal; o ex-prefeito Adriano de Toledo Leite; e a vereadora e presidente da C\u00e2mara Municipal de Guararema, Vanessa Martins dos Santos.<\/p>\n<p>E tamb\u00e9m marcaram presen\u00e7a no evento o ex-prefeito Vicente Mariano; o ex-vice-prefeito e atual secret\u00e1rio adjunto de Obras, Meio Ambiente, Planejamento Urbano e Servi\u00e7os P\u00fablicos, Dirceu Granato; os secret\u00e1rios municipais Juliana Leite da Silva, de Administra\u00e7\u00e3o; Mateus Sartori Barbosa, de Cultura e Turismo; Eduardo Aparecido Moreira Franco, de Desenvolvimento Social e Habita\u00e7\u00e3o; Carlos Eduardo Borges Libert\u00facio, de Finan\u00e7as e Tributa\u00e7\u00e3o; e Evail Gon\u00e7alves Junior, de Obras, Meio Ambiente, Planejamento Urbano e Servi\u00e7os P\u00fablicos.<\/p>\n<p>Outros servidores municipais tamb\u00e9m foram conhecer a nova escola, como o chefe de Gabinete do Prefeito, Cleber Vinicius Kerchner; a secret\u00e1ria municipal adjunta de Educa\u00e7\u00e3o e Gest\u00e3o, Andreia Torres do Prado Ratto; a chefe de gabinete da Educa\u00e7\u00e3o, Camila Borges Pimentel Nogueira; o diretor de Difus\u00e3o, Fomento, Promo\u00e7\u00e3o de Pol\u00edticas P\u00fablicas de Cultura, Claudio Ferraraz Junior; a diretora de Pol\u00edtica de Fomento ao Desenvolvimento Econ\u00f4mico, Fernanda Aparecida Lopes Turri Cogo; o secret\u00e1rio municipal adjunto de Cultura, Michael Meyson Bezerra da Silva de Oliveira; o secret\u00e1rio municipal adjunto de Turismo, Marlon Rodrigues do Nascimento.<\/p>\n<p>J\u00e1 entre os vereadores, todos participaram: Andr\u00e9 Aparecido Alves de Ara\u00fajo, Andr\u00e9 Augusto de Oliveira, Claudinei Santos de Oliveira, Eduardo Maia da Silva, Fernando Campagnoli Benitez Braga, Irineu Claudio Leite, Jos\u00e9 Francisco Beraldo Junior, Marcos Britto, Maria de F\u00e1tima Soares Pereira de Souza e Reinaldo Gaspar.<\/p>\n","protected":false},"excerpt":{"rendered":"<p>Inaugurada em grande estilo neste s\u00e1bado (25), a Escola Municipal \u00c1quie Erruzo de Lara j\u00e1 est\u00e1 pronta para receber 120 alunos a partir de segunda-feira (27) Com direito a coral de alunos e apresenta\u00e7\u00e3o da Banda Municipal de Guararema (Bamugua), o prefeito de Guararema, o Z\u00e9, inaugurou neste s\u00e1bado (25) a Escola Municipal Professora \u00c1quie [&hellip;]<\/p>\n","protected":false},"author":1,"featured_media":7712,"comment_status":"open","ping_status":"open","sticky":false,"template":"","format":"standard","meta":{"footnotes":""},"categories":[8],"tags":[],"class_list":{"0":"post-7711","1":"post","2":"type-post","3":"status-publish","4":"format-standard","5":"has-post-thumbnail","7":"category-guararema"},"_links":{"self":[{"href":"https:\/\/jm-metropole.com.br\/site\/wp-json\/wp\/v2\/posts\/7711","targetHints":{"allow":["GET"]}}],"collection":[{"href":"https:\/\/jm-metropole.com.br\/site\/wp-json\/wp\/v2\/posts"}],"about":[{"href":"https:\/\/jm-metropole.com.br\/site\/wp-json\/wp\/v2\/types\/post"}],"author":[{"embeddable":true,"href":"https:\/\/jm-metropole.com.br\/site\/wp-json\/wp\/v2\/users\/1"}],"replies":[{"embeddable":true,"href":"https:\/\/jm-metropole.com.br\/site\/wp-json\/wp\/v2\/comments?post=7711"}],"version-history":[{"count":1,"href":"https:\/\/jm-metropole.com.br\/site\/wp-json\/wp\/v2\/posts\/7711\/revisions"}],"predecessor-version":[{"id":7713,"href":"https:\/\/jm-metropole.com.br\/site\/wp-json\/wp\/v2\/posts\/7711\/revisions\/7713"}],"wp:featuredmedia":[{"embeddable":true,"href":"https:\/\/jm-metropole.com.br\/site\/wp-json\/wp\/v2\/media\/7712"}],"wp:attachment":[{"href":"https:\/\/jm-metropole.com.br\/site\/wp-json\/wp\/v2\/media?parent=7711"}],"wp:term":[{"taxonomy":"category","embeddable":true,"href":"https:\/\/jm-metropole.com.br\/site\/wp-json\/wp\/v2\/categories?post=7711"},{"taxonomy":"post_tag","embeddable":true,"href":"https:\/\/jm-metropole.com.br\/site\/wp-json\/wp\/v2\/tags?post=7711"}],"curies":[{"name":"wp","href":"https:\/\/api.w.org\/{rel}","templated":true}]}}