{"id":7708,"date":"2023-03-27T11:48:59","date_gmt":"2023-03-27T14:48:59","guid":{"rendered":"https:\/\/jm-metropole.com.br\/site\/?p=7708"},"modified":"2023-03-27T11:48:59","modified_gmt":"2023-03-27T14:48:59","slug":"itaqua-mais-emprego-oferece-77-vagas-exclusivas-para-pessoas-com-deficiencia","status":"publish","type":"post","link":"https:\/\/jm-metropole.com.br\/site\/itaqua-mais-emprego-oferece-77-vagas-exclusivas-para-pessoas-com-deficiencia\/","title":{"rendered":"Itaqu\u00e1 Mais Emprego oferece 77 vagas exclusivas para pessoas com defici\u00eancia"},"content":{"rendered":"<p>Lei que incentiva empregabilidade de pessoas com defici\u00eancia foi sancionada no estado no \u00faltimo dia 8<\/p>\n<p>O programa Itaqu\u00e1 Mais Emprego est\u00e1 com 77 vagas exclusivas para pessoas com defici\u00eancia (PCD), seja f\u00edsica, intelectual, visual ou auditiva. As oportunidades s\u00e3o para diferentes \u00e1reas e n\u00edveis de forma\u00e7\u00e3o e as inscri\u00e7\u00f5es podem ser feitas pelo site itaquamaisemprego.seate.com.br\/vagas.<\/p>\n<p>Entre as vagas est\u00e3o de operador de telemarketing (50), auxiliar de enfermagem (10), ajudante de limpeza (6), auxiliar de farm\u00e1cia (3), operador de caixa (2), al\u00e9m de recepcionista, serigrafista, copeiro, jardineiro, auxiliar de cozinha e de servi\u00e7os gerais, com uma vaga cada. O modelo de contrata\u00e7\u00e3o varia entre jovem aprendiz e efetivo.<\/p>\n<p>A disponibilidade das vagas ocorre no mesmo m\u00eas em que o Governo do Estado sancionou a Lei n\u00ba 17.645\/2023, que incentiva a empregabilidade de pessoas com defici\u00eancia e amplia a inclus\u00e3o no mercado de trabalho. A lei que institui a Pol\u00edtica Estadual de Trabalho com Apoio para Pessoas com Defici\u00eancia foi publicada no \u00faltimo dia 8 no Di\u00e1rio Oficial do Estado de S\u00e3o Paulo.<\/p>\n<p>&#8220;Quando o programa Itaqu\u00e1 Mais Emprego foi criado, pensamos essencialmente na gera\u00e7\u00e3o de novas oportunidades para aqueles que desejam retornar ou ter a primeira chance no mercado. Desde ent\u00e3o, seguimos cumprindo esse papel e dando capacita\u00e7\u00f5es para que esse programa seja ainda mais fortalecido&#8221;, destacou o secret\u00e1rio de Desenvolvimento Econ\u00f4mico, Luciano D\u00e1vila.<\/p>\n<p>Al\u00e9m das vagas exclusivas, o programa conta com mais 847 vagas para pessoas sem defici\u00eancia e os crit\u00e9rios variam de acordo com cada vaga. O prefeito Eduardo Boigues comentou a import\u00e2ncia do programa para a gera\u00e7\u00e3o de empregos no munic\u00edpio. &#8220;Itaqu\u00e1 \u00e9 uma cidade de tradi\u00e7\u00e3o, mas que consegue se manter moderna e atualizada de acordo com os assuntos pautados na sociedade. \u00c9 important\u00edssimo pensar na empregabilidade sem restri\u00e7\u00f5es&#8221;, completou.<\/p>\n<p>Fotos: Dayane Oliveira<\/p>\n","protected":false},"excerpt":{"rendered":"<p>Lei que incentiva empregabilidade de pessoas com defici\u00eancia foi sancionada no estado no \u00faltimo dia 8 O programa Itaqu\u00e1 Mais Emprego est\u00e1 com 77 vagas exclusivas para pessoas com defici\u00eancia (PCD), seja f\u00edsica, intelectual, visual ou auditiva. As oportunidades s\u00e3o para diferentes \u00e1reas e n\u00edveis de forma\u00e7\u00e3o e as inscri\u00e7\u00f5es podem ser feitas pelo site [&hellip;]<\/p>\n","protected":false},"author":1,"featured_media":7709,"comment_status":"open","ping_status":"open","sticky":false,"template":"","format":"standard","meta":{"footnotes":""},"categories":[6],"tags":[],"class_list":{"0":"post-7708","1":"post","2":"type-post","3":"status-publish","4":"format-standard","5":"has-post-thumbnail","7":"category-itaqua"},"_links":{"self":[{"href":"https:\/\/jm-metropole.com.br\/site\/wp-json\/wp\/v2\/posts\/7708","targetHints":{"allow":["GET"]}}],"collection":[{"href":"https:\/\/jm-metropole.com.br\/site\/wp-json\/wp\/v2\/posts"}],"about":[{"href":"https:\/\/jm-metropole.com.br\/site\/wp-json\/wp\/v2\/types\/post"}],"author":[{"embeddable":true,"href":"https:\/\/jm-metropole.com.br\/site\/wp-json\/wp\/v2\/users\/1"}],"replies":[{"embeddable":true,"href":"https:\/\/jm-metropole.com.br\/site\/wp-json\/wp\/v2\/comments?post=7708"}],"version-history":[{"count":1,"href":"https:\/\/jm-metropole.com.br\/site\/wp-json\/wp\/v2\/posts\/7708\/revisions"}],"predecessor-version":[{"id":7710,"href":"https:\/\/jm-metropole.com.br\/site\/wp-json\/wp\/v2\/posts\/7708\/revisions\/7710"}],"wp:featuredmedia":[{"embeddable":true,"href":"https:\/\/jm-metropole.com.br\/site\/wp-json\/wp\/v2\/media\/7709"}],"wp:attachment":[{"href":"https:\/\/jm-metropole.com.br\/site\/wp-json\/wp\/v2\/media?parent=7708"}],"wp:term":[{"taxonomy":"category","embeddable":true,"href":"https:\/\/jm-metropole.com.br\/site\/wp-json\/wp\/v2\/categories?post=7708"},{"taxonomy":"post_tag","embeddable":true,"href":"https:\/\/jm-metropole.com.br\/site\/wp-json\/wp\/v2\/tags?post=7708"}],"curies":[{"name":"wp","href":"https:\/\/api.w.org\/{rel}","templated":true}]}}