{"id":7705,"date":"2023-03-27T11:43:12","date_gmt":"2023-03-27T14:43:12","guid":{"rendered":"https:\/\/jm-metropole.com.br\/site\/?p=7705"},"modified":"2023-03-27T11:43:12","modified_gmt":"2023-03-27T14:43:12","slug":"jovem-inscrito-no-programa-frente-de-trabalho-se-profissionaliza-e-conquista-emprego-em-grande-empresa","status":"publish","type":"post","link":"https:\/\/jm-metropole.com.br\/site\/jovem-inscrito-no-programa-frente-de-trabalho-se-profissionaliza-e-conquista-emprego-em-grande-empresa\/","title":{"rendered":"JOVEM INSCRITO NO PROGRAMA FRENTE DE TRABALHO SE PROFISSIONALIZA E CONQUISTA EMPREGO EM GRANDE EMPRESA"},"content":{"rendered":"<p>Giovanni Alves Santana tem 23 anos, e desde 2020 faz parte do Programa Frente de Trabalho. No in\u00edcio, ele fazia servi\u00e7os de capina\u00e7\u00e3o, depois passou a integrar a equipe de varri\u00e7\u00e3o de rua, garantindo a limpeza das vias da regi\u00e3o central de Santa Isabel. Hoje, ele comemora a oportunidade de trabalhar como almoxarife em uma das maiores empresas do munic\u00edpio.<\/p>\n<p>Assim que a Prefeitura de Santa Isabel, por meio da Secretaria de Turismo e Desenvolvimento Econ\u00f4mico abriu as inscri\u00e7\u00f5es para o curso de Almoxarife, Giovanni n\u00e3o pensou duas vezes antes de se inscrever. Durante dois meses, se dedicou diariamente a estudar e realizar os trabalhos do curso de capacita\u00e7\u00e3o, que dariam a ele uma nova profiss\u00e3o.<\/p>\n<p>\u201cEu nunca havia pensado em ser almoxarife, mas n\u00f3s tivemos muito apoio e est\u00edmulo do pessoal da Prefeitura, e da professora, que foi nota dez, e eu acabei gostando muito. As aulas foram positivas n\u00e3o s\u00f3 para minha carreira profissional, mas tamb\u00e9m em minha vida pessoal. Eu era muito t\u00edmido, e agora sei me expressar melhor. Aprendi no curso\u201d, conta.<\/p>\n<p>Morador do Monte Negro, Giovanni conta que durante o tempo que atuou na frente de trabalho deu o melhor de si no desempenho de suas fun\u00e7\u00f5es. O jovem conta que pegava o \u00f4nibus das 04h30, e passava a manh\u00e3 varrendo as ruas da regi\u00e3o do Brotas. Segundo ele, o servi\u00e7o era feito com carinho e cuidado.<\/p>\n<p>\u201cEu nunca tive vergonha de varrer as ruas, foi um per\u00edodo importante para mim. Agora come\u00e7a uma nova fase e posso dizer que a oportunidade de fazer esse curso mudou minha vida. Hoje, meu objetivo \u00e9 me dedicar a esse novo emprego, e continuar estudando. Meu sonho \u00e9 cursar a faculdade de administra\u00e7\u00e3o de empresas, penso isso desde crian\u00e7a\u201d, diz.<\/p>\n<p>Esta semana, Giovanni foi contratado por uma das maiores empresas de Santa Isabel, atuante no ramo farmac\u00eautico e com visibilidade em todo o pa\u00eds. Ele ocupar\u00e1 o cargo de almoxarife, vaga conquistada gra\u00e7as a capacita\u00e7\u00e3o profissional presente em seu curr\u00edculo. Agora, o jovem j\u00e1 tem uma profiss\u00e3o!<\/p>\n<p>FRENTE DE TRABALHO<\/p>\n<p>O Programa Frente de Trabalho, \u00e9 administrado pela Secretaria Municipal de Desenvolvimento Social, e \u00e9 um aux\u00edlio-desemprego, que visa qualificar os mun\u00edcipes e dar a oportunidade para o cidad\u00e3o aprender uma nova profiss\u00e3o. As a\u00e7\u00f5es impactam diretamente na economia e no desenvolvimento social local.<\/p>\n<p>Junto aos servi\u00e7os prestados, tamb\u00e9m ocorre a capacita\u00e7\u00e3o ocupacional, viabilizada junto aos \u00f3rg\u00e3os da administra\u00e7\u00e3o p\u00fablica. O programa tem vagas voltadas a limpeza p\u00fablica, conserva\u00e7\u00e3o de \u00e1reas verdes, manuten\u00e7\u00e3o e restaura\u00e7\u00e3o dos locais p\u00fablicos, entre outros.<\/p>\n","protected":false},"excerpt":{"rendered":"<p>Giovanni Alves Santana tem 23 anos, e desde 2020 faz parte do Programa Frente de Trabalho. No in\u00edcio, ele fazia servi\u00e7os de capina\u00e7\u00e3o, depois passou a integrar a equipe de varri\u00e7\u00e3o de rua, garantindo a limpeza das vias da regi\u00e3o central de Santa Isabel. Hoje, ele comemora a oportunidade de trabalhar como almoxarife em uma [&hellip;]<\/p>\n","protected":false},"author":1,"featured_media":7706,"comment_status":"open","ping_status":"open","sticky":false,"template":"","format":"standard","meta":{"footnotes":""},"categories":[5],"tags":[],"class_list":{"0":"post-7705","1":"post","2":"type-post","3":"status-publish","4":"format-standard","5":"has-post-thumbnail","7":"category-santa-isabel"},"_links":{"self":[{"href":"https:\/\/jm-metropole.com.br\/site\/wp-json\/wp\/v2\/posts\/7705","targetHints":{"allow":["GET"]}}],"collection":[{"href":"https:\/\/jm-metropole.com.br\/site\/wp-json\/wp\/v2\/posts"}],"about":[{"href":"https:\/\/jm-metropole.com.br\/site\/wp-json\/wp\/v2\/types\/post"}],"author":[{"embeddable":true,"href":"https:\/\/jm-metropole.com.br\/site\/wp-json\/wp\/v2\/users\/1"}],"replies":[{"embeddable":true,"href":"https:\/\/jm-metropole.com.br\/site\/wp-json\/wp\/v2\/comments?post=7705"}],"version-history":[{"count":1,"href":"https:\/\/jm-metropole.com.br\/site\/wp-json\/wp\/v2\/posts\/7705\/revisions"}],"predecessor-version":[{"id":7707,"href":"https:\/\/jm-metropole.com.br\/site\/wp-json\/wp\/v2\/posts\/7705\/revisions\/7707"}],"wp:featuredmedia":[{"embeddable":true,"href":"https:\/\/jm-metropole.com.br\/site\/wp-json\/wp\/v2\/media\/7706"}],"wp:attachment":[{"href":"https:\/\/jm-metropole.com.br\/site\/wp-json\/wp\/v2\/media?parent=7705"}],"wp:term":[{"taxonomy":"category","embeddable":true,"href":"https:\/\/jm-metropole.com.br\/site\/wp-json\/wp\/v2\/categories?post=7705"},{"taxonomy":"post_tag","embeddable":true,"href":"https:\/\/jm-metropole.com.br\/site\/wp-json\/wp\/v2\/tags?post=7705"}],"curies":[{"name":"wp","href":"https:\/\/api.w.org\/{rel}","templated":true}]}}