{"id":7697,"date":"2023-03-27T10:25:42","date_gmt":"2023-03-27T13:25:42","guid":{"rendered":"https:\/\/jm-metropole.com.br\/site\/?p=7697"},"modified":"2023-03-27T10:25:42","modified_gmt":"2023-03-27T13:25:42","slug":"cufa-aruja-entrega-produtos-de-beleza-a-participantes-da-frente-de-trabalho-de-santa-isabel","status":"publish","type":"post","link":"https:\/\/jm-metropole.com.br\/site\/cufa-aruja-entrega-produtos-de-beleza-a-participantes-da-frente-de-trabalho-de-santa-isabel\/","title":{"rendered":"CUFA ARUJ\u00c1 ENTREGA PRODUTOS DE BELEZA A PARTICIPANTES DA FRENTE DE TRABALHO DE SANTA ISABEL"},"content":{"rendered":"<p>Nesta quinta-feira, 23\/03, 120 mulheres que fazem parte da Frente de Trabalho de Santa Isabel foram presenteadas com produtos de beleza entregues pela CUFA (Central \u00danica das Favelas) de Aruj\u00e1. A iniciativa aconteceu por meio de uma parceria entre a Prefeitura de Santa Isabel e a Secretaria Municipal de Desenvolvimento Social e a Organiza\u00e7\u00e3o.<\/p>\n<p>A a\u00e7\u00e3o alusiva ao m\u00eas das mulheres teve como objetivo trabalhar a autoestima das colaboradoras que atuam na manuten\u00e7\u00e3o dos pr\u00f3prios p\u00fablicos. O kit distribu\u00eddo foi composto por xampu, creme hidratante e \u00e1lcool em gel.<\/p>\n<p>O representante da CUFA em Aruj\u00e1 e Santa Isabel, Osvaldo Rizzato, conversou com as integrantes do Projeto Frente de Trabalho e falou sobre o papel da Organiza\u00e7\u00e3o e da import\u00e2ncia do trabalho junto aos mais carentes. No bate-papo, tamb\u00e9m foram abordados temas como: quest\u00f5es sociais e \u00e1rea de atua\u00e7\u00e3o da CUFA.<\/p>\n","protected":false},"excerpt":{"rendered":"<p>Nesta quinta-feira, 23\/03, 120 mulheres que fazem parte da Frente de Trabalho de Santa Isabel foram presenteadas com produtos de beleza entregues pela CUFA (Central \u00danica das Favelas) de Aruj\u00e1. A iniciativa aconteceu por meio de uma parceria entre a Prefeitura de Santa Isabel e a Secretaria Municipal de Desenvolvimento Social e a Organiza\u00e7\u00e3o. A [&hellip;]<\/p>\n","protected":false},"author":1,"featured_media":7698,"comment_status":"open","ping_status":"open","sticky":false,"template":"","format":"standard","meta":{"footnotes":""},"categories":[5],"tags":[],"class_list":{"0":"post-7697","1":"post","2":"type-post","3":"status-publish","4":"format-standard","5":"has-post-thumbnail","7":"category-santa-isabel"},"_links":{"self":[{"href":"https:\/\/jm-metropole.com.br\/site\/wp-json\/wp\/v2\/posts\/7697","targetHints":{"allow":["GET"]}}],"collection":[{"href":"https:\/\/jm-metropole.com.br\/site\/wp-json\/wp\/v2\/posts"}],"about":[{"href":"https:\/\/jm-metropole.com.br\/site\/wp-json\/wp\/v2\/types\/post"}],"author":[{"embeddable":true,"href":"https:\/\/jm-metropole.com.br\/site\/wp-json\/wp\/v2\/users\/1"}],"replies":[{"embeddable":true,"href":"https:\/\/jm-metropole.com.br\/site\/wp-json\/wp\/v2\/comments?post=7697"}],"version-history":[{"count":1,"href":"https:\/\/jm-metropole.com.br\/site\/wp-json\/wp\/v2\/posts\/7697\/revisions"}],"predecessor-version":[{"id":7699,"href":"https:\/\/jm-metropole.com.br\/site\/wp-json\/wp\/v2\/posts\/7697\/revisions\/7699"}],"wp:featuredmedia":[{"embeddable":true,"href":"https:\/\/jm-metropole.com.br\/site\/wp-json\/wp\/v2\/media\/7698"}],"wp:attachment":[{"href":"https:\/\/jm-metropole.com.br\/site\/wp-json\/wp\/v2\/media?parent=7697"}],"wp:term":[{"taxonomy":"category","embeddable":true,"href":"https:\/\/jm-metropole.com.br\/site\/wp-json\/wp\/v2\/categories?post=7697"},{"taxonomy":"post_tag","embeddable":true,"href":"https:\/\/jm-metropole.com.br\/site\/wp-json\/wp\/v2\/tags?post=7697"}],"curies":[{"name":"wp","href":"https:\/\/api.w.org\/{rel}","templated":true}]}}