{"id":7694,"date":"2023-03-27T10:23:29","date_gmt":"2023-03-27T13:23:29","guid":{"rendered":"https:\/\/jm-metropole.com.br\/site\/?p=7694"},"modified":"2023-03-27T10:23:29","modified_gmt":"2023-03-27T13:23:29","slug":"prefeitura-de-aruja-antecipa-vacinacao-contra-a-covid-19-dos-grupos-prioritarios-com-o-imunizante-bivalente","status":"publish","type":"post","link":"https:\/\/jm-metropole.com.br\/site\/prefeitura-de-aruja-antecipa-vacinacao-contra-a-covid-19-dos-grupos-prioritarios-com-o-imunizante-bivalente\/","title":{"rendered":"PREFEITURA DE ARUJ\u00c1 ANTECIPA VACINA\u00c7\u00c3O, CONTRA A COVID-19, DOS GRUPOS PRIORIT\u00c1RIOS COM O IMUNIZANTE BIVALENTE"},"content":{"rendered":"<p>A partir de segunda-feira (27), a Prefeitura de Aruj\u00e1, pelas equipes da Sa\u00fade, antecipar\u00e1 a vacina\u00e7\u00e3o dos grupos priorit\u00e1rios, com o imunizante bivalente, contra a Covid-19. Agora, idosos acima de 60 anos, imunossuprimidos, gestantes e pu\u00e9rperas, profissionais da sa\u00fade e pessoas com defici\u00eancia permanente com 12 anos ou mais podem procurar a Unidade B\u00e1sica de Sa\u00fade (UBS) mais pr\u00f3xima ou o Centro de Especialidades M\u00e9dicas (CEM), de segunda a sexta-feira das 8 \u00e0s 16 horas, para serem imunizados.<br \/>\nVale destacar que as doses monovalentes, que j\u00e1 vinham sendo aplicadas desde o in\u00edcio da campanha de vacina\u00e7\u00e3o, est\u00e3o no seguinte est\u00e1gio: 3\u00aa dose para pessoas de 06 meses a 17 anos de idade; 4\u00aa dose para pessoas a partir de 18 anos de idade. Para esta campanha \u00e9 importante conferir o dia em que cada unidade de sa\u00fade aplica as vacinas:<\/p>\n<p>Segunda-feira: Centro de Especialidades M\u00e9dicas (CEM) e UBS do Real<br \/>\nTer\u00e7a-feira: Centro de Especialidades M\u00e9dicas (CEM) UBS do Jardim Em\u00edlia<br \/>\nQuarta-feira: Centro de Especialidades M\u00e9dicas (CEM) UBSs do Barreto e do Pilar<br \/>\nQuinta-feira: Centro de Especialidades M\u00e9dicas (CEM) UBSs do Mirante e do Rinc\u00e3o<br \/>\nSexta-feira: Centro de Especialidades M\u00e9dicas (CEM)<\/p>\n<p>Vale destacar que, para receber o imunizante, n\u00e3o \u00e9 necess\u00e1rio agendamento; basta comparecer com documento oficial com foto e, preferencialmente, o cart\u00e3o de vacina\u00e7\u00e3o das doses anteriores.<\/p>\n<p>Vacine-se!<\/p>\n","protected":false},"excerpt":{"rendered":"<p>A partir de segunda-feira (27), a Prefeitura de Aruj\u00e1, pelas equipes da Sa\u00fade, antecipar\u00e1 a vacina\u00e7\u00e3o dos grupos priorit\u00e1rios, com o imunizante bivalente, contra a Covid-19. Agora, idosos acima de 60 anos, imunossuprimidos, gestantes e pu\u00e9rperas, profissionais da sa\u00fade e pessoas com defici\u00eancia permanente com 12 anos ou mais podem procurar a Unidade B\u00e1sica de [&hellip;]<\/p>\n","protected":false},"author":1,"featured_media":7695,"comment_status":"open","ping_status":"open","sticky":false,"template":"","format":"standard","meta":{"footnotes":""},"categories":[4],"tags":[],"class_list":{"0":"post-7694","1":"post","2":"type-post","3":"status-publish","4":"format-standard","5":"has-post-thumbnail","7":"category-aruja"},"_links":{"self":[{"href":"https:\/\/jm-metropole.com.br\/site\/wp-json\/wp\/v2\/posts\/7694","targetHints":{"allow":["GET"]}}],"collection":[{"href":"https:\/\/jm-metropole.com.br\/site\/wp-json\/wp\/v2\/posts"}],"about":[{"href":"https:\/\/jm-metropole.com.br\/site\/wp-json\/wp\/v2\/types\/post"}],"author":[{"embeddable":true,"href":"https:\/\/jm-metropole.com.br\/site\/wp-json\/wp\/v2\/users\/1"}],"replies":[{"embeddable":true,"href":"https:\/\/jm-metropole.com.br\/site\/wp-json\/wp\/v2\/comments?post=7694"}],"version-history":[{"count":1,"href":"https:\/\/jm-metropole.com.br\/site\/wp-json\/wp\/v2\/posts\/7694\/revisions"}],"predecessor-version":[{"id":7696,"href":"https:\/\/jm-metropole.com.br\/site\/wp-json\/wp\/v2\/posts\/7694\/revisions\/7696"}],"wp:featuredmedia":[{"embeddable":true,"href":"https:\/\/jm-metropole.com.br\/site\/wp-json\/wp\/v2\/media\/7695"}],"wp:attachment":[{"href":"https:\/\/jm-metropole.com.br\/site\/wp-json\/wp\/v2\/media?parent=7694"}],"wp:term":[{"taxonomy":"category","embeddable":true,"href":"https:\/\/jm-metropole.com.br\/site\/wp-json\/wp\/v2\/categories?post=7694"},{"taxonomy":"post_tag","embeddable":true,"href":"https:\/\/jm-metropole.com.br\/site\/wp-json\/wp\/v2\/tags?post=7694"}],"curies":[{"name":"wp","href":"https:\/\/api.w.org\/{rel}","templated":true}]}}