{"id":7667,"date":"2023-03-23T17:02:29","date_gmt":"2023-03-23T20:02:29","guid":{"rendered":"https:\/\/jm-metropole.com.br\/site\/?p=7667"},"modified":"2023-03-23T17:02:29","modified_gmt":"2023-03-23T20:02:29","slug":"prefeitura-promove-palestra-sobre-violencia-domestica-no-jardim-acacio","status":"publish","type":"post","link":"https:\/\/jm-metropole.com.br\/site\/prefeitura-promove-palestra-sobre-violencia-domestica-no-jardim-acacio\/","title":{"rendered":"Prefeitura promove palestra sobre viol\u00eancia\u00a0dom\u00e9stica no Jardim Ac\u00e1cio \u00a0"},"content":{"rendered":"<p>Como parte da programa\u00e7\u00e3o do m\u00eas da mulher, a Subsecretaria de Pol\u00edticas para as Mulheres (SPM) de Guarulhos promoveu, nesta\u00a0quinta-feira (23), a palestra Viol\u00eancia\u00a0Dom\u00e9stica para uma plateia majoritariamente feminina de cerca de 50 pessoas assistidas pelo Centro de Refer\u00eancia da Assist\u00eancia Social (Cras) Ac\u00e1cio na EPG Edson Alves da Costa, no Jardim Ac\u00e1cio.<\/p>\n<p>Ao longo deste m\u00eas, a subsecretaria, integrante da Secretaria de Direitos Humanos, realiza 25 palestras gratuitas sobre temas relacionados \u00e0s mulheres, como relacionamento abusivo, desafio de ser m\u00e3e solo e empreendedorismo feminino em empresas, nas Casas e Espa\u00e7os da Mulher Clara Maria e em equipamentos p\u00fablicos. A agenda completa pode ser consultada no link\u00a0https:\/\/bit.ly\/MulheresAgenda.<\/p>\n<p>A subsecret\u00e1ria de Pol\u00edticas para as Mulheres, Verinha Souza, destacou a import\u00e2ncia das palestras. \u201cS\u00e3o a\u00e7\u00f5es que levam informa\u00e7\u00e3o e empoderamento \u00e0s nossas mun\u00edcipes\u201d, disse.<\/p>\n<p>Ministrada por Fabiana Chimirri, assistente social da subsecretaria, a apresenta\u00e7\u00e3o desta\u00a0quinta-feira abordou os tipos de viol\u00eancia, o ciclo da viol\u00eancia e como romp\u00ea-lo, a Lei Maria da Penha e como denunciar, a rede de prote\u00e7\u00e3o existente no munic\u00edpio, como a Casa das Rosas, Margaridas e Betes (Centro de Refer\u00eancia em Atendimento \u00e0s Mulheres em Situa\u00e7\u00e3o de Viol\u00eancia\u00a0Dom\u00e9stica), os Espa\u00e7os e Casas da Mulher Clara Maria, a Patrulha Maria da Penha da GCM e as Delegacias de Defesa da Mulher.<\/p>\n<p>\u201c\u00c9 necess\u00e1rio usarmos todos os espa\u00e7os para falar \u00e0 popula\u00e7\u00e3o sobre a viol\u00eancia\u00a0dom\u00e9stica com o objetivo de provocar reflex\u00f5es e mostrar que existe uma rede de apoio e prote\u00e7\u00e3o \u00e0s mulheres em situa\u00e7\u00e3o de viol\u00eancia no munic\u00edpio. Muitas delas n\u00e3o procuram aux\u00edlio por desconhecimento dessa rede. O Brasil \u00e9 o 5\u00ba pa\u00eds em que mais se mata mulheres no mundo e no qual a cada duas horas uma mulher \u00e9 assassinada\u201d, disse Fabiana.<\/p>\n<p>M\u00e3e de cinco filhos, Eurides Aparecida de Oliveira, de 29 anos, participou do evento. \u201c\u00c9 bom saber de tudo isso. Assim a mulher fica prevenida e sabe o que fazer se passar por uma situa\u00e7\u00e3o de viol\u00eancia em casa\u201d, afirmou a moradora do Novo Recreio.<\/p>\n<p>Por sua vez, Jacqueline da Paz Santos, de 36 anos e m\u00e3e de cinco filhos, vivia em um relacionamento abusivo e mudou para a casa da m\u00e3e h\u00e1 dois meses. \u201cEstou casada faz seis anos e fui para a minha m\u00e3e porque meu marido me humilhava com palavras e eu ficava em casa sofrendo. N\u00e3o procurei ajuda porque n\u00e3o sabia onde e ainda n\u00e3o sei como lidar com isso\u201d, revelou a manicure, que est\u00e1 sem trabalho desde que o ca\u00e7ula de um ano e dois meses nasceu.<\/p>\n<p>Imagem: Marcio Lino\/PMG<\/p>\n","protected":false},"excerpt":{"rendered":"<p>Como parte da programa\u00e7\u00e3o do m\u00eas da mulher, a Subsecretaria de Pol\u00edticas para as Mulheres (SPM) de Guarulhos promoveu, nesta\u00a0quinta-feira (23), a palestra Viol\u00eancia\u00a0Dom\u00e9stica para uma plateia majoritariamente feminina de cerca de 50 pessoas assistidas pelo Centro de Refer\u00eancia da Assist\u00eancia Social (Cras) Ac\u00e1cio na EPG Edson Alves da Costa, no Jardim Ac\u00e1cio. Ao longo [&hellip;]<\/p>\n","protected":false},"author":1,"featured_media":7668,"comment_status":"open","ping_status":"open","sticky":false,"template":"","format":"standard","meta":{"footnotes":""},"categories":[3],"tags":[],"class_list":{"0":"post-7667","1":"post","2":"type-post","3":"status-publish","4":"format-standard","5":"has-post-thumbnail","7":"category-guarulhos"},"_links":{"self":[{"href":"https:\/\/jm-metropole.com.br\/site\/wp-json\/wp\/v2\/posts\/7667","targetHints":{"allow":["GET"]}}],"collection":[{"href":"https:\/\/jm-metropole.com.br\/site\/wp-json\/wp\/v2\/posts"}],"about":[{"href":"https:\/\/jm-metropole.com.br\/site\/wp-json\/wp\/v2\/types\/post"}],"author":[{"embeddable":true,"href":"https:\/\/jm-metropole.com.br\/site\/wp-json\/wp\/v2\/users\/1"}],"replies":[{"embeddable":true,"href":"https:\/\/jm-metropole.com.br\/site\/wp-json\/wp\/v2\/comments?post=7667"}],"version-history":[{"count":1,"href":"https:\/\/jm-metropole.com.br\/site\/wp-json\/wp\/v2\/posts\/7667\/revisions"}],"predecessor-version":[{"id":7669,"href":"https:\/\/jm-metropole.com.br\/site\/wp-json\/wp\/v2\/posts\/7667\/revisions\/7669"}],"wp:featuredmedia":[{"embeddable":true,"href":"https:\/\/jm-metropole.com.br\/site\/wp-json\/wp\/v2\/media\/7668"}],"wp:attachment":[{"href":"https:\/\/jm-metropole.com.br\/site\/wp-json\/wp\/v2\/media?parent=7667"}],"wp:term":[{"taxonomy":"category","embeddable":true,"href":"https:\/\/jm-metropole.com.br\/site\/wp-json\/wp\/v2\/categories?post=7667"},{"taxonomy":"post_tag","embeddable":true,"href":"https:\/\/jm-metropole.com.br\/site\/wp-json\/wp\/v2\/tags?post=7667"}],"curies":[{"name":"wp","href":"https:\/\/api.w.org\/{rel}","templated":true}]}}