{"id":7664,"date":"2023-03-23T15:43:22","date_gmt":"2023-03-23T18:43:22","guid":{"rendered":"https:\/\/jm-metropole.com.br\/site\/?p=7664"},"modified":"2023-03-23T15:43:22","modified_gmt":"2023-03-23T18:43:22","slug":"fazei-isso-em-memoria-de-mim-sera-o-tema-da-paixao-de-cristo-2023","status":"publish","type":"post","link":"https:\/\/jm-metropole.com.br\/site\/fazei-isso-em-memoria-de-mim-sera-o-tema-da-paixao-de-cristo-2023\/","title":{"rendered":"\u201cFAZEI ISSO, EM MEM\u00d3RIA DE MIM\u201d SER\u00c1 O TEMA DA PAIX\u00c3O DE CRISTO 2023"},"content":{"rendered":"<p>A tradicional encena\u00e7\u00e3o da pe\u00e7a Paix\u00e3o de Cristo, que ocorre h\u00e1 23 anos em Santa Isabel, este ano traz em sua tem\u00e1tica uma passagem do livro de Lucas, cap\u00edtulo 22, vers\u00edculo 19. A abordagem escolhida pela dire\u00e7\u00e3o da pe\u00e7a foi \u201cFazei isso em mem\u00f3ria de mim\u201d, que evoca a ideia de lembrar a Paix\u00e3o de Cristo, e preservar a mem\u00f3ria da hist\u00f3ria de Jesus.<\/p>\n<p>Com ensaios a todo vapor, a produ\u00e7\u00e3o conta com mais de 100 participantes, entre atores, organizadores e produtores. Este ano, a pe\u00e7a ser\u00e1 encenada no dia 07 de abril, a partir das 20h30, na escadaria da Pra\u00e7a 1812, em frente \u00e0 Igreja Matriz de Santa Isabel. O evento \u00e9 realizado pela Prefeitura de Santa Isabel, por meio da Secretaria de Cultura.<\/p>\n<p>De acordo com o diretor da pe\u00e7a, Emerson Bicudo, em todas as edi\u00e7\u00f5es \u00e9 feita uma reformula\u00e7\u00e3o da encena\u00e7\u00e3o.<br \/>\nA maior preocupa\u00e7\u00e3o na hora de escrever o roteiro \u00e9 prezar para que a hist\u00f3ria mantenha sua ess\u00eancia, sem fugir das escrituras b\u00edblicas. Este ano, o Padre Jaime Matheus, da Par\u00f3quia Nossa Senhora de Aparecida foi o consultor teol\u00f3gico do projeto.<\/p>\n<p>Nesta edi\u00e7\u00e3o, a Paix\u00e3o de Cristo busca mexer ainda mais com a emo\u00e7\u00e3o do p\u00fablico. Para isso os atores apostaram na prepara\u00e7\u00e3o, participando de oficinas teatrais de atua\u00e7\u00e3o, e at\u00e9 oficina de corpo, feita em parceria com uma escola de ballet: \u201cA cada ano temos o objetivo de trazer um espet\u00e1culo maior e melhor e convidamos a todos a nos prestigiar\u201d, diz Emerson Bicudo.<\/p>\n","protected":false},"excerpt":{"rendered":"<p>A tradicional encena\u00e7\u00e3o da pe\u00e7a Paix\u00e3o de Cristo, que ocorre h\u00e1 23 anos em Santa Isabel, este ano traz em sua tem\u00e1tica uma passagem do livro de Lucas, cap\u00edtulo 22, vers\u00edculo 19. A abordagem escolhida pela dire\u00e7\u00e3o da pe\u00e7a foi \u201cFazei isso em mem\u00f3ria de mim\u201d, que evoca a ideia de lembrar a Paix\u00e3o de [&hellip;]<\/p>\n","protected":false},"author":1,"featured_media":7665,"comment_status":"open","ping_status":"open","sticky":false,"template":"","format":"standard","meta":{"footnotes":""},"categories":[5],"tags":[],"class_list":{"0":"post-7664","1":"post","2":"type-post","3":"status-publish","4":"format-standard","5":"has-post-thumbnail","7":"category-santa-isabel"},"_links":{"self":[{"href":"https:\/\/jm-metropole.com.br\/site\/wp-json\/wp\/v2\/posts\/7664","targetHints":{"allow":["GET"]}}],"collection":[{"href":"https:\/\/jm-metropole.com.br\/site\/wp-json\/wp\/v2\/posts"}],"about":[{"href":"https:\/\/jm-metropole.com.br\/site\/wp-json\/wp\/v2\/types\/post"}],"author":[{"embeddable":true,"href":"https:\/\/jm-metropole.com.br\/site\/wp-json\/wp\/v2\/users\/1"}],"replies":[{"embeddable":true,"href":"https:\/\/jm-metropole.com.br\/site\/wp-json\/wp\/v2\/comments?post=7664"}],"version-history":[{"count":1,"href":"https:\/\/jm-metropole.com.br\/site\/wp-json\/wp\/v2\/posts\/7664\/revisions"}],"predecessor-version":[{"id":7666,"href":"https:\/\/jm-metropole.com.br\/site\/wp-json\/wp\/v2\/posts\/7664\/revisions\/7666"}],"wp:featuredmedia":[{"embeddable":true,"href":"https:\/\/jm-metropole.com.br\/site\/wp-json\/wp\/v2\/media\/7665"}],"wp:attachment":[{"href":"https:\/\/jm-metropole.com.br\/site\/wp-json\/wp\/v2\/media?parent=7664"}],"wp:term":[{"taxonomy":"category","embeddable":true,"href":"https:\/\/jm-metropole.com.br\/site\/wp-json\/wp\/v2\/categories?post=7664"},{"taxonomy":"post_tag","embeddable":true,"href":"https:\/\/jm-metropole.com.br\/site\/wp-json\/wp\/v2\/tags?post=7664"}],"curies":[{"name":"wp","href":"https:\/\/api.w.org\/{rel}","templated":true}]}}