{"id":7652,"date":"2023-03-23T14:01:22","date_gmt":"2023-03-23T17:01:22","guid":{"rendered":"https:\/\/jm-metropole.com.br\/site\/?p=7652"},"modified":"2023-03-23T14:01:22","modified_gmt":"2023-03-23T17:01:22","slug":"cata-treco-atende-jardim-do-papai-e-mais-dez-bairros-neste-final-de-semana","status":"publish","type":"post","link":"https:\/\/jm-metropole.com.br\/site\/cata-treco-atende-jardim-do-papai-e-mais-dez-bairros-neste-final-de-semana\/","title":{"rendered":"Cata-Treco atende Jardim do Papai e mais dez bairros neste final de semana"},"content":{"rendered":"<p>Os caminh\u00f5es da opera\u00e7\u00e3o Cata-Treco da Prefeitura de Guarulhos percorrer\u00e3o neste\u00a0s\u00e1bado\u00a0(25) os bairros Parque Continental I, Jardim do Papai, Vila Sabatino, Jardim Renzo, Jardim Rosana e Jardim Palmira. J\u00e1 no\u00a0domingo\u00a0(26) as equipes atender\u00e3o Parque Continental, Parque Continental II, Parque Continental III, Vila Cambar\u00e1 e Jardim Gracinda.<br \/>\nA a\u00e7\u00e3o da Secretaria de Servi\u00e7os P\u00fablicos consiste no recolhimento de m\u00f3veis velhos, colch\u00f5es, eletrodom\u00e9sticos, materiais de coleta seletiva e outros inserv\u00edveis. Para utilizar o Cata-Treco os moradores dos endere\u00e7os atendidos devem deixar os itens que desejam descartar na frente de suas resid\u00eancias at\u00e9 as 9h do dia da passagem do caminh\u00e3o, sem atrapalhar os pedestres e o tr\u00e2nsito.<br \/>\nA opera\u00e7\u00e3o n\u00e3o recolhe entulho, lixo\u00a0dom\u00e9stico e animais mortos. No site guarulhos.sp.gov.br\/catatreco os moradores podem consultar os endere\u00e7os contemplados e mais informa\u00e7\u00f5es sobre como utilizar o servi\u00e7o.<\/p>\n<p>Confira a programa\u00e7\u00e3o<\/p>\n<p>S\u00e1bado, dia 25<\/p>\n<p>Parque Continental I<br \/>\nAvenida Jo\u00e3o Palma Aleman, avenida Koki Koga, rua Adelmiro Hil\u00e1rio Cabral, rua Alberto Sigueuki Hamaoka, avenida Jo\u00e3o Palma Aleman, rua Wilson Gomes de Azevedo, rua Oswaldo Get\u00falio Paulucci, rua Oterice Pitorri, rua Ana Camoles Dias, rua Ant\u00f4nio Nakashima, rua Aparecida Ramos Fuchida, rua Carlos Roberto Mota, rua Delfim da Silva, rua Dezesseis, rua Dionizio Diogo de Faria, rua Geraldo Augusto da Silva, rua Henrique Mantovani, rua Ida Scritori, rua Jos\u00e9 Adenilio Benito, rua Jos\u00e9 Aureliano de Andrade, rua Jos\u00e9 Ferreira Brand\u00e3o, rua Jovino da Costa Silva, rua Jo\u00e3o Roberto Miranda, rua Justino de Jesus, rua Keyle Emilia Lemos Santos, rua Lusmar Aparecido Rosa, rua Nelson Mendes Soares, rua Paulo Castaldelli, rua Pedro Baptista da Silva, rua Professor Milton Santos, rua Quarenta e Tr\u00eas, rua Raimundo Palma, rua Raul Vieira, rua Samuel Reis de Oliveira, rua Sebasti\u00e3o dos Santos, rua S\u00e9rgio Reis de Oliveira, rua Trinta e Sete, rua Z\u00e9lia Emerenciana de Alvarenga, rua Vanda C\u00e9lia Amaral de oliveira, rua Izaura Speca Pinto, rua Alzimar Vargas Batista.<\/p>\n<p>Jardim do Papai<br \/>\nRua A, rua Bahamas, rua H\u00e9lia, rua Ibirama, rua Oscar Barbosa, viela Sino, rua Soldado Abel Ant\u00f4nio Mendanha, rua Soldado Otto Unger, rua Soldado Paulo Tansini, rua Soldado Prim Rodrigues Canes, rua Soldado Romeu C\u00f4cco, rua Soldado Sebasti\u00e3o Garcia, rua Soldado Sebasti\u00e3o Ribeiro.<\/p>\n<p>Vila Sabatino<br \/>\nRua Arthur Rossi, rua Rio Cedros.<\/p>\n<p>Jardim Renzo<br \/>\nRua Ant\u00f4nio Alexandre de Ara\u00fajo, rua Celeste Fernandes Dalphorno.<\/p>\n<p>Jardim Rosana<br \/>\nAvenida Alfredo Barbosa, pra\u00e7a Am\u00e9rico Conto, rua Buriti dos Lopes, rua Concei\u00e7\u00e3o Aparecida, viela Orinduva, viela Paulo Faria, viela Tigre, rua Uruguai.<\/p>\n<p>Jardim Palmira<br \/>\nRua Abigail Lemos de P\u00e1dua, viela Abril, rua Alem\u00e3, rua Alfredo Galli, viela Altair, rua Ant\u00f4nio Barbosa, rua Ant\u00f4nio Galli, rua Armando Luongo, rua Augusta Barbosa, rua Augusta dos Santos Augusto, viela Cosmorama, viela Desterro, estrada Dona Ana Diniz, rua Doutor Guido Domenico, rua Doutor Jos\u00e9 Valdir Carrara, rua Doutor Lu\u00edz Arouche de Toledo, rua Doutor Roberto Fernandes, rua Doutor Roberto Lemos P\u00e1dua, rua Em\u00edlia Galli Augusto, rua Enedina Torchetti, rua Engenheiro A\u00edrton Jos\u00e9 Cunha, avenida Florinda Martins Barbosa, rua Floriswaldo Francisco, rua Gabriela Teixeira, rua Glauco Ant\u00f4nio Galli, rua Hon\u00f3rio Barbosa, rua Jacomina A. P. Luongo, rua Jaime dos Santos Augusto Filho, rua Jaime dos Santos Augusto, viela Junho, rua Laura Jacques Garcia, rua Marina de Padua, rua Ol\u00edmpio Martins, rua Palmira B. Galli, rua Pedro Armando Donizete de Padua, pra\u00e7a Ponte Gestal, rua Professora Meire Zilda Galli, rua Riol\u00e2ndia, viela S\u00e3o Bento do Sul, pra\u00e7a S\u00edlvio Pereira dos Santos, viela Valentim Gentil, rua Viv\u00eancia Esp\u00edrito Santo.<\/p>\n<p>Domingo, dia 26<\/p>\n<p>Parque Continental<br \/>\nRua Jo\u00e3o Alves Guimar\u00e3es, rua Durvalino Trevisan, rua Jo\u00e3o Carlos Rodrigues, rua Maria Teresa Rodrigues, rua Shirley Neve Gomes, rua Lucinda Fernandes Carlos, rua Natalina de Melo Gouveia, rua Adolfo Vasconcelos Noronha, rua Josefa Ribeiro de Oliveira.<\/p>\n<p>Parque Continental II<br \/>\nRua Abacateiro, avenida Alexandre Grandisoli, rua Alvarino Souza Rezende, rua Amoreira, rua Antonio de Freitas Reis Junior, rua An\u00e1lia Franco, rua Arakci Borazanian, rua Arch\u00e2ngelo Cavalheiro, rua Benedicta de Almeida Franco, rua Cajueiro, rua Candiolina Matos de Santana, rua Carlos Rodrigues, rua Castanheira, rua Cento e Tr\u00eas, rua Cerejeira, rua Cyrena Siqueira Bicudo, rua Danielle do Prado Valim, rua Direitos Humanos, rua Doutor Laerte Romualdo de Souza, rua Eloi Marques Pinto, rua Felinto Alves da Costa, rua Figueira, rua Francisca Paula de Jesus lzabel Nh\u00e1 Chica, rua Goiabeira, rua Hanne EI Khouri, rua Helio Tinoco Ramalho, rua lz\u00eddio Cabral de Jesus, rua Jair Soares de Mesquita, rua Jos\u00e9 Pedro da Silva, rua Joveliano Martins de Ara\u00fajo, rua Jo\u00e3o Baptista Carneiro, rua Jo\u00e3o Genu\u00edno Sobral, rua J\u00e9ssica de C\u00e1ssia Ferreira, rua Lisboa, rua Luiz Ant\u00f4nio Sper\u00e2ndio, rua Luiz Coladello, rua Macieira, rua Maria Dias Hog, avenida Maria Gebin de Moraes, rua Maria Menezes Alves Guimar\u00e3es, rua Nancy Silva Cabral, rua Narain Singh Luschini, rua Nobel de Almeida Kuke, rua Oitenta, rua Pastor Jo\u00e3o Nunes, rua Paulo Freire, rua Pedro Marcos Barbosa, rua Pessegueiro, avenida Prefeito M\u00e1rio Antonelli, rua Sargento Gon\u00e7alo Joaquim de Oliveira, viela Sessenta e Nove, rua Sessenta e Sete, rua Valdimiro Laurentino Pessoa, rua Zelina Breda Simonato, rua das Arvores.<\/p>\n<p>Parque Continental III<br \/>\nRua Adelaide Elvira Paolini, rua Cento e Dois, rua Cento e Doze, rua Cento e Nove, rua Cento e Um, rua Eduardo Pinheiro, avenida F, rua Fabr\u00edcio Ricardi Marques de Oliveira, viela Greg\u00f3rio, rua !bipitanga, rua Maria da Concei\u00e7\u00e3o Freitas Santos, rua Noventa e Nove, rua Noventa e Oito, rua Noventa e Sete, rua Noventa e Tr\u00eas, rua Noventa e Um, rua Oitenta e Cinco, rua Oitenta e Nove, rua Oitenta e Oito, rua Oitenta e Quatro, rua Oitenta e Seis, rua Oitenta e Sete, rua Ol\u00edmpio Luiz Rodrigues, rua Particular, rua Alzimar Vargas Batista, rua Ubiratan Marcelino dos Santos, rua Vicente de Paula Pinto, rua Dourado, rua Goi\u00e1s, rua Boa Vista, rua do Campo, rua Quatorze\u00a0de Agosto.<\/p>\n<p>Vila Cambar\u00e1<br \/>\nRua B, rua Jesu\u00edno Pires de Freitas, avenida Vanderlei Pretini.<\/p>\n<p>Jardim Gracinda<br \/>\nRua Durelha Dina Damiani, rua Elias Rachid, rua Ezio Padilha Oliveira, rua Jos\u00e9 Carrenho, rua Jos\u00e9 Gon\u00e7alves Neves, rua Joaquin Antonio de Araujo, rua Vincenzo Paciullo.<\/p>\n<p>Foto: Jackson Argolo\/PMG<\/p>\n","protected":false},"excerpt":{"rendered":"<p>Os caminh\u00f5es da opera\u00e7\u00e3o Cata-Treco da Prefeitura de Guarulhos percorrer\u00e3o neste\u00a0s\u00e1bado\u00a0(25) os bairros Parque Continental I, Jardim do Papai, Vila Sabatino, Jardim Renzo, Jardim Rosana e Jardim Palmira. J\u00e1 no\u00a0domingo\u00a0(26) as equipes atender\u00e3o Parque Continental, Parque Continental II, Parque Continental III, Vila Cambar\u00e1 e Jardim Gracinda. A a\u00e7\u00e3o da Secretaria de Servi\u00e7os P\u00fablicos consiste no [&hellip;]<\/p>\n","protected":false},"author":1,"featured_media":7653,"comment_status":"open","ping_status":"open","sticky":false,"template":"","format":"standard","meta":{"footnotes":""},"categories":[3],"tags":[],"class_list":{"0":"post-7652","1":"post","2":"type-post","3":"status-publish","4":"format-standard","5":"has-post-thumbnail","7":"category-guarulhos"},"_links":{"self":[{"href":"https:\/\/jm-metropole.com.br\/site\/wp-json\/wp\/v2\/posts\/7652","targetHints":{"allow":["GET"]}}],"collection":[{"href":"https:\/\/jm-metropole.com.br\/site\/wp-json\/wp\/v2\/posts"}],"about":[{"href":"https:\/\/jm-metropole.com.br\/site\/wp-json\/wp\/v2\/types\/post"}],"author":[{"embeddable":true,"href":"https:\/\/jm-metropole.com.br\/site\/wp-json\/wp\/v2\/users\/1"}],"replies":[{"embeddable":true,"href":"https:\/\/jm-metropole.com.br\/site\/wp-json\/wp\/v2\/comments?post=7652"}],"version-history":[{"count":1,"href":"https:\/\/jm-metropole.com.br\/site\/wp-json\/wp\/v2\/posts\/7652\/revisions"}],"predecessor-version":[{"id":7654,"href":"https:\/\/jm-metropole.com.br\/site\/wp-json\/wp\/v2\/posts\/7652\/revisions\/7654"}],"wp:featuredmedia":[{"embeddable":true,"href":"https:\/\/jm-metropole.com.br\/site\/wp-json\/wp\/v2\/media\/7653"}],"wp:attachment":[{"href":"https:\/\/jm-metropole.com.br\/site\/wp-json\/wp\/v2\/media?parent=7652"}],"wp:term":[{"taxonomy":"category","embeddable":true,"href":"https:\/\/jm-metropole.com.br\/site\/wp-json\/wp\/v2\/categories?post=7652"},{"taxonomy":"post_tag","embeddable":true,"href":"https:\/\/jm-metropole.com.br\/site\/wp-json\/wp\/v2\/tags?post=7652"}],"curies":[{"name":"wp","href":"https:\/\/api.w.org\/{rel}","templated":true}]}}