{"id":7649,"date":"2023-03-23T13:59:45","date_gmt":"2023-03-23T16:59:45","guid":{"rendered":"https:\/\/jm-metropole.com.br\/site\/?p=7649"},"modified":"2023-03-23T13:59:45","modified_gmt":"2023-03-23T16:59:45","slug":"saude-agora-abre-4-ubs-no-sabado-e-outras-64-somente-para-coleta-de-papanicolau","status":"publish","type":"post","link":"https:\/\/jm-metropole.com.br\/site\/saude-agora-abre-4-ubs-no-sabado-e-outras-64-somente-para-coleta-de-papanicolau\/","title":{"rendered":"Sa\u00fade Agora\u00a0abre 4 UBS no\u00a0s\u00e1bado\u00a0e outras 64 somente para coleta de Papanicolau"},"content":{"rendered":"<p>Neste\u00a0s\u00e1bado\u00a0(25), das 8h \u00e0s 16h, o programa Sa\u00fade Agora abre as Unidades B\u00e1sicas de Sa\u00fade (UBS) S\u00e3o Rafael, Jardim Belvedere, Jardim Fortaleza e Cumbica para oferecer aos mun\u00edcipes seus servi\u00e7os tradicionais de atendimento. Todas as outras unidades, exceto a UBS Paulista, que est\u00e1 em reforma, tamb\u00e9m abrir\u00e3o na data exclusivamente para a realiza\u00e7\u00e3o de coleta de Papanicolau em alus\u00e3o ao m\u00eas de Conscientiza\u00e7\u00e3o e Combate ao C\u00e2ncer de colo do \u00fatero, o Mar\u00e7o Lil\u00e1s.<\/p>\n<p>O c\u00e2ncer do colo de \u00fatero \u00e9 o terceiro mais frequente entre a popula\u00e7\u00e3o feminina no pa\u00eds,\u00a0atr\u00e1s apenas do c\u00e2ncer de mama e do colorretal,\u00a0e a\u00a0quarta\u00a0causa de morte de mulheres. A doen\u00e7a \u00e9 provocada pela infec\u00e7\u00e3o persistente por alguns tipos do papilomav\u00edrus humano (HPV), os chamados de oncog\u00eanicos.<\/p>\n<p>A infec\u00e7\u00e3o genital por esses v\u00edrus \u00e9 muito frequente e na maioria das vezes n\u00e3o causa doen\u00e7a. S\u00e3o sexualmente transmiss\u00edveis e podem causar les\u00f5es na vagina, no colo do \u00fatero, no p\u00eanis e no \u00e2nus. Em alguns casos ocorrem altera\u00e7\u00f5es celulares que podem evoluir para o c\u00e2ncer. Essas altera\u00e7\u00f5es s\u00e3o descobertas facilmente no Papanicolau e cur\u00e1veis na maioria dos casos. Por isso, \u00e9 importante a realiza\u00e7\u00e3o peri\u00f3dica do exame preventivo. O c\u00e2ncer do colo do \u00fatero \u00e9 uma doen\u00e7a de desenvolvimento lento, que pode n\u00e3o apresentar sintomas na fase inicial.<\/p>\n<p>Sa\u00fade Agora<br \/>\nAs UBS abertas pelo\u00a0Sa\u00fade Agora\u00a0oferecer\u00e3o servi\u00e7os de vacina\u00e7\u00e3o, exceto a S\u00e3o Rafael. J\u00e1 os testes para a detec\u00e7\u00e3o de covid-19, s\u00edfilis, HIV, hepatites B e C, bem como aferi\u00e7\u00e3o da press\u00e3o arterial e glicemia mediante pedido m\u00e9dico, curativos, dispensa\u00e7\u00e3o de medicamentos, al\u00e9m da coleta de Papanicolau, poder\u00e3o ser realizados sem a necessidade de agendamento pr\u00e9vio.<\/p>\n<p>Vacina\u00e7\u00e3o contra a covid-19<br \/>\nComo a sala de vacina\u00e7\u00e3o da unidade S\u00e3o Rafael est\u00e1 sendo reformada, os cidad\u00e3os com 60 anos ou mais podem aproveitar a abertura das outras tr\u00eas UBS para receber a dose da Pfizer Bivalente contra a covid-19, que protege contra a variante \u00f4micron. Para se imunizar \u00e9 necess\u00e1rio estar com o esquema vacinal prim\u00e1rio completo ou\u00a0ter\u00a0recebido uma ou duas doses de refor\u00e7o h\u00e1 pelo menos quatro meses, al\u00e9m de apresentar documento com foto e comprovante das doses recebidas.<\/p>\n<p>Servi\u00e7o<\/p>\n<p>UBS S\u00e3o Rafael<br \/>\nRua Domingos de Abreu, 216 &#8211; Jardim Vila Galv\u00e3o<\/p>\n<p>UBS Belvedere<br \/>\nEstrada Municipal, 475 &#8211; Jardim Belvedere<\/p>\n<p>UBS Jardim Fortaleza<br \/>\nRua Hil\u00e1rio Pires de Freitas, 166 &#8211; Jardim Fortaleza<\/p>\n<p>UBS Cumbica<br \/>\nRua Segundo Tenente Aviador M\u00e1rio Luiz Figueiroa, 295 &#8211; Cidade Jardim Cumbica<\/p>\n<p>Confira os endere\u00e7os das outras UBS de Guarulhos em\u00a0https:\/\/www.guarulhos.sp.gov.br\/unidades-basicas-de-saude-ubs.<\/p>\n","protected":false},"excerpt":{"rendered":"<p>Neste\u00a0s\u00e1bado\u00a0(25), das 8h \u00e0s 16h, o programa Sa\u00fade Agora abre as Unidades B\u00e1sicas de Sa\u00fade (UBS) S\u00e3o Rafael, Jardim Belvedere, Jardim Fortaleza e Cumbica para oferecer aos mun\u00edcipes seus servi\u00e7os tradicionais de atendimento. Todas as outras unidades, exceto a UBS Paulista, que est\u00e1 em reforma, tamb\u00e9m abrir\u00e3o na data exclusivamente para a realiza\u00e7\u00e3o de coleta [&hellip;]<\/p>\n","protected":false},"author":1,"featured_media":7650,"comment_status":"open","ping_status":"open","sticky":false,"template":"","format":"standard","meta":{"footnotes":""},"categories":[3],"tags":[],"class_list":{"0":"post-7649","1":"post","2":"type-post","3":"status-publish","4":"format-standard","5":"has-post-thumbnail","7":"category-guarulhos"},"_links":{"self":[{"href":"https:\/\/jm-metropole.com.br\/site\/wp-json\/wp\/v2\/posts\/7649","targetHints":{"allow":["GET"]}}],"collection":[{"href":"https:\/\/jm-metropole.com.br\/site\/wp-json\/wp\/v2\/posts"}],"about":[{"href":"https:\/\/jm-metropole.com.br\/site\/wp-json\/wp\/v2\/types\/post"}],"author":[{"embeddable":true,"href":"https:\/\/jm-metropole.com.br\/site\/wp-json\/wp\/v2\/users\/1"}],"replies":[{"embeddable":true,"href":"https:\/\/jm-metropole.com.br\/site\/wp-json\/wp\/v2\/comments?post=7649"}],"version-history":[{"count":1,"href":"https:\/\/jm-metropole.com.br\/site\/wp-json\/wp\/v2\/posts\/7649\/revisions"}],"predecessor-version":[{"id":7651,"href":"https:\/\/jm-metropole.com.br\/site\/wp-json\/wp\/v2\/posts\/7649\/revisions\/7651"}],"wp:featuredmedia":[{"embeddable":true,"href":"https:\/\/jm-metropole.com.br\/site\/wp-json\/wp\/v2\/media\/7650"}],"wp:attachment":[{"href":"https:\/\/jm-metropole.com.br\/site\/wp-json\/wp\/v2\/media?parent=7649"}],"wp:term":[{"taxonomy":"category","embeddable":true,"href":"https:\/\/jm-metropole.com.br\/site\/wp-json\/wp\/v2\/categories?post=7649"},{"taxonomy":"post_tag","embeddable":true,"href":"https:\/\/jm-metropole.com.br\/site\/wp-json\/wp\/v2\/tags?post=7649"}],"curies":[{"name":"wp","href":"https:\/\/api.w.org\/{rel}","templated":true}]}}