{"id":764,"date":"2022-05-27T09:48:39","date_gmt":"2022-05-27T12:48:39","guid":{"rendered":"https:\/\/jm-metropole.com.br\/site\/?p=764"},"modified":"2022-05-30T11:42:51","modified_gmt":"2022-05-30T14:42:51","slug":"aruja-tera-gabinete-de-gestao-integrada-ggi-dentro-do-programa-aruja-seguro","status":"publish","type":"post","link":"https:\/\/jm-metropole.com.br\/site\/aruja-tera-gabinete-de-gestao-integrada-ggi-dentro-do-programa-aruja-seguro\/","title":{"rendered":"Aruj\u00e1 tera gabinete de gest\u00e3o integrada (GGI) dentro do programa &#8220;ARUJ\u00c1 + SEGURO&#8221;"},"content":{"rendered":"<p>Ontem (24) foi decidida, em reuni\u00e3o, a cria\u00e7\u00e3o do Gabinete de Gest\u00e3o Integrada (GGI), dentro do Programa Municipal \u201cAruj\u00e1 + Seguro\u201d, que visa uma s\u00e9rie de a\u00e7\u00f5es sob a coordena\u00e7\u00e3o da Secretaria Municipal de Seguran\u00e7a. Participaram do encontro, realizado na Prefeitura, o prefeito Dr Camargo; o secret\u00e1rio municipal de Seguran\u00e7a P\u00fablica, Washington Luis Beolchi Adami; o secret\u00e1rio municipal de Governo, Rog\u00e9rio da Padaria; o capit\u00e3o Anderson Pelegrine, que comanda a PM de Aruj\u00e1; o delegado Marcel Druziani da Pol\u00edcia Civil de Aruj\u00e1; o vereador GCM Uelton Almeida e o comandante Oliveira da Guarda Civil Municipal (GCM) de Aruj\u00e1. O GGI prev\u00ea, ainda, a participa\u00e7\u00e3o da Pol\u00edcia Rodovi\u00e1ria Federal (PRF) e do Departamento de Tr\u00e2nsito da Prefeitura.<\/p>\n<p>Nessa primeira reuni\u00e3o, o grupo discutiu a cria\u00e7\u00e3o do GGI, que ser\u00e1 formalizado em breve, por meio de decreto. O prefeito Dr Camargo informou que a pr\u00f3xima reuni\u00e3o ir\u00e1 deliberar as a\u00e7\u00f5es do Gabinete de Gest\u00e3o Integrada, bem como as suas diretrizes, mas que a ideia do GGI, j\u00e1 previsto no Plano de Governo da atual gest\u00e3o e objeto de indica\u00e7\u00e3o de anteprojeto, de autoria dos vereadores GCM Uelton e Luiz Fernando, \u00e9 ser colocado em pr\u00e1tica j\u00e1 antes do anivers\u00e1rio da cidade.<\/p>\n<p>Para o prefeito Dr Camargo, o objetivo do GGI \u00e9 tornar Aruj\u00e1 cada vez mais um lugar seguro e melhor para se viver. \u201cDentro do nosso Plano de Governo, apresentado antes de assumirmos a Prefeitura, j\u00e1 t\u00ednhamos previsto a cria\u00e7\u00e3o de um grupo como esse, que unisse as principais for\u00e7as de seguran\u00e7a, em todas as esferas (municipal, estadual e federal), al\u00e9m do Tr\u00e2nsito, para que coloc\u00e1ssemos em pr\u00e1tica v\u00e1rias a\u00e7\u00f5es conjuntas de melhorias na \u00e1rea da seguran\u00e7a p\u00fablica\u201d, afirmou.<\/p>\n<p>Essas a\u00e7\u00f5es ser\u00e3o anunciadas ap\u00f3s uma segunda reuni\u00e3o, por\u00e9m, os membros do GGI j\u00e1 estar\u00e3o atuando, para que a popula\u00e7\u00e3o perceba os efeitos do grupo de trabalho.<\/p>\n","protected":false},"excerpt":{"rendered":"<p>Ontem (24) foi decidida, em reuni\u00e3o, a cria\u00e7\u00e3o do Gabinete de Gest\u00e3o Integrada (GGI), dentro do Programa Municipal \u201cAruj\u00e1 + Seguro\u201d, que visa uma s\u00e9rie de a\u00e7\u00f5es sob a coordena\u00e7\u00e3o da Secretaria Municipal de Seguran\u00e7a. Participaram do encontro, realizado na Prefeitura, o prefeito Dr Camargo; o secret\u00e1rio municipal de Seguran\u00e7a P\u00fablica, Washington Luis Beolchi Adami; [&hellip;]<\/p>\n","protected":false},"author":1,"featured_media":765,"comment_status":"open","ping_status":"open","sticky":false,"template":"","format":"standard","meta":{"footnotes":""},"categories":[4,16],"tags":[],"class_list":{"0":"post-764","1":"post","2":"type-post","3":"status-publish","4":"format-standard","5":"has-post-thumbnail","7":"category-aruja","8":"category-seguranca"},"_links":{"self":[{"href":"https:\/\/jm-metropole.com.br\/site\/wp-json\/wp\/v2\/posts\/764","targetHints":{"allow":["GET"]}}],"collection":[{"href":"https:\/\/jm-metropole.com.br\/site\/wp-json\/wp\/v2\/posts"}],"about":[{"href":"https:\/\/jm-metropole.com.br\/site\/wp-json\/wp\/v2\/types\/post"}],"author":[{"embeddable":true,"href":"https:\/\/jm-metropole.com.br\/site\/wp-json\/wp\/v2\/users\/1"}],"replies":[{"embeddable":true,"href":"https:\/\/jm-metropole.com.br\/site\/wp-json\/wp\/v2\/comments?post=764"}],"version-history":[{"count":1,"href":"https:\/\/jm-metropole.com.br\/site\/wp-json\/wp\/v2\/posts\/764\/revisions"}],"predecessor-version":[{"id":766,"href":"https:\/\/jm-metropole.com.br\/site\/wp-json\/wp\/v2\/posts\/764\/revisions\/766"}],"wp:featuredmedia":[{"embeddable":true,"href":"https:\/\/jm-metropole.com.br\/site\/wp-json\/wp\/v2\/media\/765"}],"wp:attachment":[{"href":"https:\/\/jm-metropole.com.br\/site\/wp-json\/wp\/v2\/media?parent=764"}],"wp:term":[{"taxonomy":"category","embeddable":true,"href":"https:\/\/jm-metropole.com.br\/site\/wp-json\/wp\/v2\/categories?post=764"},{"taxonomy":"post_tag","embeddable":true,"href":"https:\/\/jm-metropole.com.br\/site\/wp-json\/wp\/v2\/tags?post=764"}],"curies":[{"name":"wp","href":"https:\/\/api.w.org\/{rel}","templated":true}]}}