{"id":7563,"date":"2023-03-21T11:59:58","date_gmt":"2023-03-21T14:59:58","guid":{"rendered":"https:\/\/jm-metropole.com.br\/site\/?p=7563"},"modified":"2023-03-21T12:01:11","modified_gmt":"2023-03-21T15:01:11","slug":"estado-de-sp-amplia-vacinacao-com-bivalente-para-todo-publico-prioritario","status":"publish","type":"post","link":"https:\/\/jm-metropole.com.br\/site\/estado-de-sp-amplia-vacinacao-com-bivalente-para-todo-publico-prioritario\/","title":{"rendered":"Estado de SP amplia vacina\u00e7\u00e3o com Bivalente para todo p\u00fablico priorit\u00e1rio"},"content":{"rendered":"<header class=\"article-header\">\n<p class=\"excerpt\">Munic\u00edpios j\u00e1 podem realizar a imuniza\u00e7\u00e3o; p\u00fablico total \u00e9 de cerca de 11,9 milh\u00f5es de pessoas<\/p>\n<\/header>\n<article class=\"article-main\">A Secretaria de Estado da Sa\u00fade (SES), diante de nova nota t\u00e9cnica do Minist\u00e9rio da Sa\u00fade (MS), amplia a vacina\u00e7\u00e3o com Bivalente para todo p\u00fablico eleg\u00edvel de acordo com o calend\u00e1rio vacinal, a partir desta ter\u00e7a-feira (21).O p\u00fablico total \u00e9 de cerca de 11,9 milh\u00f5es de pessoas. Desta forma, o Estado de S\u00e3o Paulo aguarda a chegada de novas doses. Alguns munic\u00edpios, que possuem o estoque necess\u00e1rio, j\u00e1 podem iniciar a amplia\u00e7\u00e3o.Est\u00e3o eleg\u00edveis:<br \/>\n\u2022\u2002\u2002\u2002\u2002\u2002Idosos de 60 anos ou mais de idade;<br \/>\n\u2022\u2002\u2002\u2002\u2002\u2002Pessoas vivendo em institui\u00e7\u00f5es de longa perman\u00eancia a partir de 12 anos e seus trabalhadores;<br \/>\n\u2022\u2002\u2002\u2002\u2002\u2002Pessoas imunocomprometidas a partir de 12 anos de idade;<br \/>\n\u2022\u2002\u2002\u2002\u2002\u2002Ind\u00edgenas, ribeirinhos e quilombolas (a partir de 12 anos de idade);<br \/>\n\u2022\u2002\u2002\u2002\u2002\u2002Gestantes e pu\u00e9rperas;<br \/>\n\u2022\u2002\u2002\u2002\u2002\u2002Trabalhadores da sa\u00fade;<br \/>\n\u2022\u2002\u2002\u2002\u2002\u2002Pessoas com defici\u00eancia permanente (a partir de 12 anos de idade);<br \/>\n\u2022\u2002\u2002\u2002\u2002\u2002Popula\u00e7\u00e3o privada de liberdade e adolescentes em medidas socioeducativas;<br \/>\n\u2022\u2002\u2002\u2002\u2002\u2002Funcion\u00e1rios do sistema de priva\u00e7\u00e3o de liberdade.<\/p>\n<p>\u201cO gestor municipal, a depender do seu estoque de doses, deve avaliar a viabilidade da aplica\u00e7\u00e3o da vacina Pfizer Bivalente para os grupos priorit\u00e1rios\u201d, disse Tatiana Lang D\u2019Agostini, diretora do Centro de Vigil\u00e2ncia Epidemiol\u00f3gica (CVE) do Estado de SP.<\/p>\n<p>At\u00e9 a manh\u00e3 desta segunda-feira (20), mais de 1,8 milh\u00e3o de doses de Bivalente j\u00e1 foram aplicadas em todo o Estado. Os dados podem ser acompanhados diariamente pelo site:\u00a0<a href=\"https:\/\/vacinaja.sp.gov.br\/vacinometro\/\">https:\/\/vacinaja.sp.gov.br\/vacinometro\/<\/a>.<\/p>\n<p>*Com informa\u00e7\u00f5es do Portal do Governo do Estado de S\u00e3o Paulo<\/p>\n<\/article>\n","protected":false},"excerpt":{"rendered":"<p>Munic\u00edpios j\u00e1 podem realizar a imuniza\u00e7\u00e3o; p\u00fablico total \u00e9 de cerca de 11,9 milh\u00f5es de pessoas A Secretaria de Estado da Sa\u00fade (SES), diante de nova nota t\u00e9cnica do Minist\u00e9rio da Sa\u00fade (MS), amplia a vacina\u00e7\u00e3o com Bivalente para todo p\u00fablico eleg\u00edvel de acordo com o calend\u00e1rio vacinal, a partir desta ter\u00e7a-feira (21).O p\u00fablico total [&hellip;]<\/p>\n","protected":false},"author":1,"featured_media":7567,"comment_status":"open","ping_status":"open","sticky":false,"template":"","format":"standard","meta":{"footnotes":""},"categories":[48],"tags":[],"class_list":{"0":"post-7563","1":"post","2":"type-post","3":"status-publish","4":"format-standard","5":"has-post-thumbnail","7":"category-geral"},"_links":{"self":[{"href":"https:\/\/jm-metropole.com.br\/site\/wp-json\/wp\/v2\/posts\/7563","targetHints":{"allow":["GET"]}}],"collection":[{"href":"https:\/\/jm-metropole.com.br\/site\/wp-json\/wp\/v2\/posts"}],"about":[{"href":"https:\/\/jm-metropole.com.br\/site\/wp-json\/wp\/v2\/types\/post"}],"author":[{"embeddable":true,"href":"https:\/\/jm-metropole.com.br\/site\/wp-json\/wp\/v2\/users\/1"}],"replies":[{"embeddable":true,"href":"https:\/\/jm-metropole.com.br\/site\/wp-json\/wp\/v2\/comments?post=7563"}],"version-history":[{"count":3,"href":"https:\/\/jm-metropole.com.br\/site\/wp-json\/wp\/v2\/posts\/7563\/revisions"}],"predecessor-version":[{"id":7568,"href":"https:\/\/jm-metropole.com.br\/site\/wp-json\/wp\/v2\/posts\/7563\/revisions\/7568"}],"wp:featuredmedia":[{"embeddable":true,"href":"https:\/\/jm-metropole.com.br\/site\/wp-json\/wp\/v2\/media\/7567"}],"wp:attachment":[{"href":"https:\/\/jm-metropole.com.br\/site\/wp-json\/wp\/v2\/media?parent=7563"}],"wp:term":[{"taxonomy":"category","embeddable":true,"href":"https:\/\/jm-metropole.com.br\/site\/wp-json\/wp\/v2\/categories?post=7563"},{"taxonomy":"post_tag","embeddable":true,"href":"https:\/\/jm-metropole.com.br\/site\/wp-json\/wp\/v2\/tags?post=7563"}],"curies":[{"name":"wp","href":"https:\/\/api.w.org\/{rel}","templated":true}]}}