{"id":7560,"date":"2023-03-21T11:56:56","date_gmt":"2023-03-21T14:56:56","guid":{"rendered":"https:\/\/jm-metropole.com.br\/site\/?p=7560"},"modified":"2023-03-21T11:56:56","modified_gmt":"2023-03-21T14:56:56","slug":"guararema-futsal-estreia-na-copa-lpf-contra-diadema-nesta-sexta-24","status":"publish","type":"post","link":"https:\/\/jm-metropole.com.br\/site\/guararema-futsal-estreia-na-copa-lpf-contra-diadema-nesta-sexta-24\/","title":{"rendered":"Guararema Futsal estreia na Copa LPF contra Diadema nesta sexta (24)"},"content":{"rendered":"<p>Equipe sub-20 enfrenta o Diadema MX7 em casa, no Gin\u00e1sio Municipal L\u00e1zaro Germano, \u00e0s 20 horas; entrada do p\u00fablico \u00e9 gratuita<\/p>\n<p>A equipe sub-20 do Guararema Futsal est\u00e1 se aquecendo para entrar em quadra nesta sexta-feira (24), \u00e0s 20 horas, contra a equipe da cidade de Diadema. Com entrada gratuita e aberta ao p\u00fablico, o jogo de estreia do time na Copa LPF (Liga Paulista de Fustsal) 2023 ser\u00e1 realizado em casa, no Gin\u00e1sio Municipal L\u00e1zaro Germano, no bairro Ipiranga.<\/p>\n<p>A participa\u00e7\u00e3o dos torcedores \u00e9 fundamental para o bom desempenho dos atletas, ent\u00e3o o t\u00e9cnico Juliano Martins, o Jab\u00e1, convida a todos para prestigiarem a partida. \u201cO Guararema Futsal vem de uma \u00f3tima temporada em 2022 e conta com refor\u00e7os para chegar cada vez mais longe na competi\u00e7\u00e3o. Ent\u00e3o chega junto!\u201d.<\/p>\n<p>Depois de enfrentar o Diadema MX7, o time de Guararema voltar\u00e1 \u00e0s quadras no pr\u00f3ximo dia 31, para uma partida contra o Itapetininga Futsal, dessa vez fora de casa.<\/p>\n<p>E acompanhar todo o calend\u00e1rio \u00e9 f\u00e1cil. Basta acessar o site oficial de Guararema, clicar em \u201cCidad\u00e3o \u2013 Servi\u00e7os\u201d, depois selecionar a \u00e1rea de \u201cEsporte e Lazer\u201d e ent\u00e3o abrir a tabela com todas as datas.<\/p>\n<p>L\u00e1 est\u00e3o os relacionados os dias e hor\u00e1rios detalhes de todos os eventos da cidade, o que inclui jogos do time Guararema Futsal e tamb\u00e9m torneios de artes marciais, competi\u00e7\u00f5es de gin\u00e1stica, partidas amistosas de diferentes modalidades e muito mais.<\/p>\n<p>Atividade para as mulheres<br \/>\nAl\u00e9m da estreia do Guararema Futsal na Copa LPF na sexta-feira (24), a Secretaria Municipal de Esportes e Lazer promete agitar o p\u00fablico com outra atividade no s\u00e1bado (25). Aberta ao p\u00fablico e gratuita, a Blitz Color Fest, com Jaqueline Cortez e Nani Kovacs, \u00e9 atra\u00e7\u00e3o no Parque de Lazer Professora Deocl\u00e9sia de Almeida Mello, no Centro da cidade, a partir das 17 horas.<\/p>\n<p>A atividade \u00e9 alusiva ao Dia Internacional da Mulher, celebrado no \u00faltimo dia 8. Por isso, mais do que dan\u00e7ar muito, quem participar poder\u00e1 ganhar brindes e aceitar desafios que prometem divertir e trazer conscientiza\u00e7\u00e3o sobre a for\u00e7a das mulheres na sociedade.<\/p>\n","protected":false},"excerpt":{"rendered":"<p>Equipe sub-20 enfrenta o Diadema MX7 em casa, no Gin\u00e1sio Municipal L\u00e1zaro Germano, \u00e0s 20 horas; entrada do p\u00fablico \u00e9 gratuita A equipe sub-20 do Guararema Futsal est\u00e1 se aquecendo para entrar em quadra nesta sexta-feira (24), \u00e0s 20 horas, contra a equipe da cidade de Diadema. Com entrada gratuita e aberta ao p\u00fablico, o [&hellip;]<\/p>\n","protected":false},"author":1,"featured_media":7561,"comment_status":"open","ping_status":"open","sticky":false,"template":"","format":"standard","meta":{"footnotes":""},"categories":[8],"tags":[],"class_list":{"0":"post-7560","1":"post","2":"type-post","3":"status-publish","4":"format-standard","5":"has-post-thumbnail","7":"category-guararema"},"_links":{"self":[{"href":"https:\/\/jm-metropole.com.br\/site\/wp-json\/wp\/v2\/posts\/7560","targetHints":{"allow":["GET"]}}],"collection":[{"href":"https:\/\/jm-metropole.com.br\/site\/wp-json\/wp\/v2\/posts"}],"about":[{"href":"https:\/\/jm-metropole.com.br\/site\/wp-json\/wp\/v2\/types\/post"}],"author":[{"embeddable":true,"href":"https:\/\/jm-metropole.com.br\/site\/wp-json\/wp\/v2\/users\/1"}],"replies":[{"embeddable":true,"href":"https:\/\/jm-metropole.com.br\/site\/wp-json\/wp\/v2\/comments?post=7560"}],"version-history":[{"count":1,"href":"https:\/\/jm-metropole.com.br\/site\/wp-json\/wp\/v2\/posts\/7560\/revisions"}],"predecessor-version":[{"id":7562,"href":"https:\/\/jm-metropole.com.br\/site\/wp-json\/wp\/v2\/posts\/7560\/revisions\/7562"}],"wp:featuredmedia":[{"embeddable":true,"href":"https:\/\/jm-metropole.com.br\/site\/wp-json\/wp\/v2\/media\/7561"}],"wp:attachment":[{"href":"https:\/\/jm-metropole.com.br\/site\/wp-json\/wp\/v2\/media?parent=7560"}],"wp:term":[{"taxonomy":"category","embeddable":true,"href":"https:\/\/jm-metropole.com.br\/site\/wp-json\/wp\/v2\/categories?post=7560"},{"taxonomy":"post_tag","embeddable":true,"href":"https:\/\/jm-metropole.com.br\/site\/wp-json\/wp\/v2\/tags?post=7560"}],"curies":[{"name":"wp","href":"https:\/\/api.w.org\/{rel}","templated":true}]}}