{"id":7553,"date":"2023-03-21T09:16:27","date_gmt":"2023-03-21T12:16:27","guid":{"rendered":"https:\/\/jm-metropole.com.br\/site\/?p=7553"},"modified":"2023-03-21T09:16:27","modified_gmt":"2023-03-21T12:16:27","slug":"camara-e-prefeitura-se-unem-para-garantir-r-1-milhao-de-recursos-para-a-apae-de-aruja","status":"publish","type":"post","link":"https:\/\/jm-metropole.com.br\/site\/camara-e-prefeitura-se-unem-para-garantir-r-1-milhao-de-recursos-para-a-apae-de-aruja\/","title":{"rendered":"C\u00e2mara e Prefeitura se unem para garantir R$ 1 milh\u00e3o de recursos para a Apae de Aruj\u00e1"},"content":{"rendered":"<p>An\u00fancio foi feito pelo presidente da C\u00e2mara, Abelzinho, e o prefeito, Lu\u00eds Camargo, durante evento em comemora\u00e7\u00e3o aos 34 anos da institui\u00e7\u00e3o<\/p>\n<p>A C\u00e2mara Municipal e a Prefeitura v\u00e3o destinar R$ 1 milh\u00e3o \u00e0 Associa\u00e7\u00e3o de Pais e Amigos dos Excepcionais (Apae) de Aruj\u00e1. O dinheiro ser\u00e1 aplicado nas obras de reforma e amplia\u00e7\u00e3o do pr\u00e9dio da institui\u00e7\u00e3o que, atualmente, atende 213 pessoas no Munic\u00edpio.<\/p>\n<p>O an\u00fancio foi feito pelo presidente da C\u00e2mara, Abelzinho (PL), e o prefeito de Aruj\u00e1, Dr. Lu\u00eds Camargo (PSD), durante evento em comemora\u00e7\u00e3o aos 34 anos de anivers\u00e1rio da Apae de Aruj\u00e1, realizado na sexta-feira (17\/3).<\/p>\n<p>Abelzinho disse que todo ano, \u201ca C\u00e2mara economiza e devolve dinheiro \u00e0 Prefeitura\u201d e que, especialmente, em 2023, gostaria que R$ 500 mil do valor a ser restitu\u00eddo aos cofres do Munic\u00edpio fosse destinado \u00e0 Apae. O prefeito, n\u00e3o apenas confirmou o destino do dinheiro, como tamb\u00e9m garantiu um aporte financeiro de mais R$ 500 mil.<\/p>\n<p>Al\u00e9m de anunciar recursos para a Apae, Abelzinho fez quest\u00e3o de homenagear e salientar a presen\u00e7a de uma das fundadoras da Apae, Maria Jos\u00e9 de Souza Nunes \u2013 aplaudida de p\u00e9 &#8211; , e de seus pais, Flora e Abel Larini. \u00c0 m\u00e3e, declarou: \u201cvoc\u00ea \u00e9 o amor da minha vida\u201d.<\/p>\n<p>Sobre a Apae, o vereador e presidente da C\u00e2mara agradeceu o servi\u00e7o prestado. \u201c\u00c9 muito importante o amor que voc\u00eas transmitem as nossas crian\u00e7as\u201d, afirmou. Ele ainda lembrou o fato de a Apae ter conquistado a sede pr\u00f3pria, \u201cpossibilitando o recebimento direto de recursos\u201d e o compromisso de envio de emenda parlamentar pelo deputado federal M\u00e1rcio Alvino, de seu partido, para auxiliar na execu\u00e7\u00e3o das obras.<\/p>\n<p>Divinei (PL) tamb\u00e9m discursou e fez quest\u00e3o de agradecer o trabalho realizado. \u201cEstou feliz em estar aqui hoje, pois sabemos da import\u00e2ncia da Apae na vida das fam\u00edlias\u201d.<\/p>\n<p>Ex-prefeito de Aruj\u00e1, Abel Larini marcou presen\u00e7a no evento e disse em que \u201ca Apae faz parte da hist\u00f3ria vivenciada h\u00e1 muitos anos, com muitas vit\u00f3rias\u201d.<\/p>\n<p>O prefeito Lu\u00eds Camargo lembrou de sua rela\u00e7\u00e3o com a Apae quando do nascimento de seu filho, que precisou de ajuda da institui\u00e7\u00e3o para se recuperar. \u201cA Apae tem um papel fundamental na minha vida e de minha fam\u00edlia. Foi na institui\u00e7\u00e3o que busquei tratamento para meu filho. No momento mais dif\u00edcil de minha vida, a Apae me deu a m\u00e3o. Nada que eu fizer pela Apae ser\u00e1 suficiente\u201d.<\/p>\n<p>Presidente da Apae, Sueli Maria Perandin Arambul anunciou a amplia\u00e7\u00e3o da sede e a inten\u00e7\u00e3o de melhorar ainda mais a qualidade do atendimento. Ela aproveitou para agradecer a todos os apoiadores e colaboradores.<\/p>\n<p>Tamb\u00e9m participaram do evento, os vereadores Vin\u00edcius Pateta (Rede), Pastor Samoel Maia (Republicanos), Jo\u00e3o Luiz (PSD) e Reynaldinho (PTB), al\u00e9m de funcion\u00e1rios, pais, professores, alunos e autoridades religiosas.<\/p>\n<p>Fotos: Imprensa\/CMA<\/p>\n<p>Link:https:\/\/camaraaruja.sp.gov.br\/noticias\/camara-e-prefeitura-se-unem-para-garantir-r-1-milhao-de-recursos-para-a-apae-de-aruja<\/p>\n","protected":false},"excerpt":{"rendered":"<p>An\u00fancio foi feito pelo presidente da C\u00e2mara, Abelzinho, e o prefeito, Lu\u00eds Camargo, durante evento em comemora\u00e7\u00e3o aos 34 anos da institui\u00e7\u00e3o A C\u00e2mara Municipal e a Prefeitura v\u00e3o destinar R$ 1 milh\u00e3o \u00e0 Associa\u00e7\u00e3o de Pais e Amigos dos Excepcionais (Apae) de Aruj\u00e1. O dinheiro ser\u00e1 aplicado nas obras de reforma e amplia\u00e7\u00e3o do [&hellip;]<\/p>\n","protected":false},"author":1,"featured_media":7554,"comment_status":"open","ping_status":"open","sticky":false,"template":"","format":"standard","meta":{"footnotes":""},"categories":[1],"tags":[],"class_list":{"0":"post-7553","1":"post","2":"type-post","3":"status-publish","4":"format-standard","5":"has-post-thumbnail","7":"category-tudo"},"_links":{"self":[{"href":"https:\/\/jm-metropole.com.br\/site\/wp-json\/wp\/v2\/posts\/7553","targetHints":{"allow":["GET"]}}],"collection":[{"href":"https:\/\/jm-metropole.com.br\/site\/wp-json\/wp\/v2\/posts"}],"about":[{"href":"https:\/\/jm-metropole.com.br\/site\/wp-json\/wp\/v2\/types\/post"}],"author":[{"embeddable":true,"href":"https:\/\/jm-metropole.com.br\/site\/wp-json\/wp\/v2\/users\/1"}],"replies":[{"embeddable":true,"href":"https:\/\/jm-metropole.com.br\/site\/wp-json\/wp\/v2\/comments?post=7553"}],"version-history":[{"count":1,"href":"https:\/\/jm-metropole.com.br\/site\/wp-json\/wp\/v2\/posts\/7553\/revisions"}],"predecessor-version":[{"id":7555,"href":"https:\/\/jm-metropole.com.br\/site\/wp-json\/wp\/v2\/posts\/7553\/revisions\/7555"}],"wp:featuredmedia":[{"embeddable":true,"href":"https:\/\/jm-metropole.com.br\/site\/wp-json\/wp\/v2\/media\/7554"}],"wp:attachment":[{"href":"https:\/\/jm-metropole.com.br\/site\/wp-json\/wp\/v2\/media?parent=7553"}],"wp:term":[{"taxonomy":"category","embeddable":true,"href":"https:\/\/jm-metropole.com.br\/site\/wp-json\/wp\/v2\/categories?post=7553"},{"taxonomy":"post_tag","embeddable":true,"href":"https:\/\/jm-metropole.com.br\/site\/wp-json\/wp\/v2\/tags?post=7553"}],"curies":[{"name":"wp","href":"https:\/\/api.w.org\/{rel}","templated":true}]}}