{"id":7550,"date":"2023-03-21T09:13:46","date_gmt":"2023-03-21T12:13:46","guid":{"rendered":"https:\/\/jm-metropole.com.br\/site\/?p=7550"},"modified":"2023-03-21T09:13:46","modified_gmt":"2023-03-21T12:13:46","slug":"poa-participa-de-audiencia-do-condemat-com-o-secretario-de-governo-estadual-gilberto-kassab","status":"publish","type":"post","link":"https:\/\/jm-metropole.com.br\/site\/poa-participa-de-audiencia-do-condemat-com-o-secretario-de-governo-estadual-gilberto-kassab\/","title":{"rendered":"Po\u00e1 participa de audi\u00eancia do Condemat com o Secret\u00e1rio de Governo Estadual Gilberto Kassab"},"content":{"rendered":"<p>A prefeita Marcia Bin junto com os secret\u00e1rios municipais de Meio Ambiente e o de Planejamento apresentaram demandas da cidade<\/p>\n<p>A prefeita M\u00e1rcia Bin junto com a secret\u00e1ria de Meio Ambiente e Recursos Naturais, Claudete Canada, e o secret\u00e1rio de Planejamento, Francinaldo Alves, participaram nesta quinta-feira (16\/03), de uma audi\u00eancia entre o Cons\u00f3rcio de Desenvolvimento dos Munic\u00edpios do Alto Tiet\u00ea (Condemat) e o secret\u00e1rio de Governo e Rela\u00e7\u00f5es Institucionais do Estado, Gilberto Kassab. O encontro realizado no Pal\u00e1cio dos Bandeirantes, na capital, foi pautado pela a apresenta\u00e7\u00e3o das demandas regionais e municipais priorit\u00e1rias que necessitam de apoio estadual.<\/p>\n<p>Algumas demandas municipais foram apresentadas atrav\u00e9s de of\u00edcios para a Secretaria de Governo do Estado de S\u00e3o Paulo, entre elas est\u00e3o: o desassoreamento do Rio Tiet\u00ea, do Rio Guai\u00f3 e de c\u00f3rregos da cidade; Equipamentos para a Defesa Civil de Po\u00e1; Limpeza do reservat\u00f3rio de conten\u00e7\u00e3o de cheias \u201cPscin\u00e3o\u201d; Atualiza\u00e7\u00e3o do estudo de micro e macrodrenagem entre as cidades de Po\u00e1 e Ferraz de Vasconcelos; Viabilidade de recursos para obras em \u00e1reas de risco e Vistoria de \u00e1reas de deslizamento e alagamento pela Defesa Civil estadual e o Departamento de \u00c1gua e Energia El\u00e9trica (DAEE), no treco da v\u00e1rzea do Rio Tiet\u00ea.<\/p>\n<p>\u201cNos reunimos com o secret\u00e1rio Gilberto Kassab para apresentar a ele as demandas municipais e regionais que ir\u00e3o auxiliar no desenvolvimento da nossa cidade. Foi um encontro agrad\u00e1vel e que possibilitou a discuss\u00e3o, o debate e a troca de ideias entre os munic\u00edpios da regi\u00e3o e o Governo do Estado\u201d, disse a chefe do Executivo municipal, Marcia Bin.<\/p>\n<p>Durante a audi\u00eancia foram apresentadas ainda demandas regionais como a abertura do Hospital Regional do Alto Tiet\u00ea; a constru\u00e7\u00e3o das al\u00e7as de acesso do Rodoanel Leste; prorroga\u00e7\u00e3o do Programa Bolsa Trabalho; implanta\u00e7\u00e3o do Hospital Veterin\u00e1rio Regional; constru\u00e7\u00e3o da Linha-19 Celeste do Metr\u00f4; conclus\u00e3o das obras e custeio do Instituto Sa\u00fade da Mulher; T\u00e9rmino da duplica\u00e7\u00e3o da Rodovia Mogi-dutra e recupera\u00e7\u00e3o de outras liga\u00e7\u00f5es; duplica\u00e7\u00e3o da SP-56 com implanta\u00e7\u00e3o do BRT\/Corredor metropolitano Implanta\u00e7\u00e3o da unidade do BAEP na regi\u00e3o; Execu\u00e7\u00e3o do projeto Renasce Tiet\u00ea.<\/p>\n<p>Tamb\u00e9m estiveram presentes na audi\u00eancia os prefeitos Caio Cunha (Mogi das Cruzes), presidente do Condemat; Lu\u00eds Camargo (Aruj\u00e1), vice-presidente do CONDEMAT; Carlos Aberto Taino Jr (Biritiba Mirim); Priscila Gambale (Ferraz de Vasconcelos); Guti (Guarulhos); Elzo Elias de Souza (Igarat\u00e1); Eduardo Boigues (Itaquaquecetuba); Vanderlon Gomes (Sales\u00f3polis); Adriano Levorin (Santa Branca) e Carlos Chinchilla (Santa Isabel). Assim como, o deputado federal, Marco Bertaiolli.<\/p>\n<p>Foto: Rodrigo Nagafuti \/ Secom \u2013 Po\u00e1<\/p>\n","protected":false},"excerpt":{"rendered":"<p>A prefeita Marcia Bin junto com os secret\u00e1rios municipais de Meio Ambiente e o de Planejamento apresentaram demandas da cidade A prefeita M\u00e1rcia Bin junto com a secret\u00e1ria de Meio Ambiente e Recursos Naturais, Claudete Canada, e o secret\u00e1rio de Planejamento, Francinaldo Alves, participaram nesta quinta-feira (16\/03), de uma audi\u00eancia entre o Cons\u00f3rcio de Desenvolvimento [&hellip;]<\/p>\n","protected":false},"author":1,"featured_media":7551,"comment_status":"open","ping_status":"open","sticky":false,"template":"","format":"standard","meta":{"footnotes":""},"categories":[19],"tags":[],"class_list":{"0":"post-7550","1":"post","2":"type-post","3":"status-publish","4":"format-standard","5":"has-post-thumbnail","7":"category-poa"},"_links":{"self":[{"href":"https:\/\/jm-metropole.com.br\/site\/wp-json\/wp\/v2\/posts\/7550","targetHints":{"allow":["GET"]}}],"collection":[{"href":"https:\/\/jm-metropole.com.br\/site\/wp-json\/wp\/v2\/posts"}],"about":[{"href":"https:\/\/jm-metropole.com.br\/site\/wp-json\/wp\/v2\/types\/post"}],"author":[{"embeddable":true,"href":"https:\/\/jm-metropole.com.br\/site\/wp-json\/wp\/v2\/users\/1"}],"replies":[{"embeddable":true,"href":"https:\/\/jm-metropole.com.br\/site\/wp-json\/wp\/v2\/comments?post=7550"}],"version-history":[{"count":1,"href":"https:\/\/jm-metropole.com.br\/site\/wp-json\/wp\/v2\/posts\/7550\/revisions"}],"predecessor-version":[{"id":7552,"href":"https:\/\/jm-metropole.com.br\/site\/wp-json\/wp\/v2\/posts\/7550\/revisions\/7552"}],"wp:featuredmedia":[{"embeddable":true,"href":"https:\/\/jm-metropole.com.br\/site\/wp-json\/wp\/v2\/media\/7551"}],"wp:attachment":[{"href":"https:\/\/jm-metropole.com.br\/site\/wp-json\/wp\/v2\/media?parent=7550"}],"wp:term":[{"taxonomy":"category","embeddable":true,"href":"https:\/\/jm-metropole.com.br\/site\/wp-json\/wp\/v2\/categories?post=7550"},{"taxonomy":"post_tag","embeddable":true,"href":"https:\/\/jm-metropole.com.br\/site\/wp-json\/wp\/v2\/tags?post=7550"}],"curies":[{"name":"wp","href":"https:\/\/api.w.org\/{rel}","templated":true}]}}