{"id":7547,"date":"2023-03-21T09:12:00","date_gmt":"2023-03-21T12:12:00","guid":{"rendered":"https:\/\/jm-metropole.com.br\/site\/?p=7547"},"modified":"2023-03-21T09:12:00","modified_gmt":"2023-03-21T12:12:00","slug":"gestantes-e-puerperas-podem-receber-vacina-bivalente-a-partir-desta-segunda-20-em-itaqua","status":"publish","type":"post","link":"https:\/\/jm-metropole.com.br\/site\/gestantes-e-puerperas-podem-receber-vacina-bivalente-a-partir-desta-segunda-20-em-itaqua\/","title":{"rendered":"Gestantes e pu\u00e9rperas podem receber vacina bivalente a partir desta segunda (20) em Itaqu\u00e1"},"content":{"rendered":"<p>Vacina\u00e7\u00e3o ocorre nas unidades de sa\u00fade de segunda a sexta, das 7h \u00e0s 16h<\/p>\n<p>A Secretaria de Sa\u00fade de Itaquaquecetuba iniciou, nesta segunda-feira (20), a aplica\u00e7\u00e3o do imunizante bivalente contra Covid-19 em gestantes e pu\u00e9rperas. A terceira etapa segue o cronograma estabelecido pelo Minist\u00e9rio da Sa\u00fade e a vacina\u00e7\u00e3o ocorre nas unidades de sa\u00fade de segunda a sexta, das 7h \u00e0s 16h. A previs\u00e3o \u00e9 de que 2,6 mil gestantes recebam o imunizante.<\/p>\n<p>A primeira etapa contemplou pessoas a partir de 70 anos, imunocomprometidas, comunidades ind\u00edgenas e ribeirinhas. J\u00e1 a segunda foi destinada \u00e0s pessoas de 60 a 69 anos. &#8220;\u00c9 a terceira etapa das aplica\u00e7\u00f5es e seguiremos focados na campanha. O n\u00famero de casos de Covid-19 vem caindo em todo o pa\u00eds e nosso objetivo \u00e9 evitar novas variantes e poss\u00edveis agravamentos&#8221;, disse a secret\u00e1ria de Sa\u00fade, Ariana Juli\u00e3o.<\/p>\n<p>Para receber o imunizante, a orienta\u00e7\u00e3o \u00e9 comparecer na UBS mais pr\u00f3xima com cart\u00e3o vacinal e documento de identifica\u00e7\u00e3o. \u00c9 poss\u00edvel comprovar a gesta\u00e7\u00e3o com cart\u00e3o de pr\u00e9-natal, prescri\u00e7\u00e3o m\u00e9dica ou exames. J\u00e1 as pu\u00e9rperas devem levar a certid\u00e3o de nascimento da crian\u00e7a. \u00c9 preciso ter pelo menos quatro meses desde a \u00faltima dose da vacina.<\/p>\n<p>O prefeito Eduardo Boigues tamb\u00e9m pontuou a import\u00e2ncia do avan\u00e7o da vacina\u00e7\u00e3o na cidade, inclusive entre idosos e profissionais da sa\u00fade, pr\u00f3ximo grupo a ser contemplado de acordo com o cronograma. &#8220;As duas primeiras etapas foram mais direcionadas a idosos e agora chegou a vez das nossas gestantes. Fico feliz em acompanhar o empenho dos profissionais da sa\u00fade, que ser\u00e1 o pr\u00f3ximo grupo a ser contemplado&#8221;, disse.<\/p>\n<p>Foto: Ver\u00f4nica Ribeiro<\/p>\n","protected":false},"excerpt":{"rendered":"<p>Vacina\u00e7\u00e3o ocorre nas unidades de sa\u00fade de segunda a sexta, das 7h \u00e0s 16h A Secretaria de Sa\u00fade de Itaquaquecetuba iniciou, nesta segunda-feira (20), a aplica\u00e7\u00e3o do imunizante bivalente contra Covid-19 em gestantes e pu\u00e9rperas. A terceira etapa segue o cronograma estabelecido pelo Minist\u00e9rio da Sa\u00fade e a vacina\u00e7\u00e3o ocorre nas unidades de sa\u00fade de [&hellip;]<\/p>\n","protected":false},"author":1,"featured_media":7548,"comment_status":"open","ping_status":"open","sticky":false,"template":"","format":"standard","meta":{"footnotes":""},"categories":[6],"tags":[],"class_list":{"0":"post-7547","1":"post","2":"type-post","3":"status-publish","4":"format-standard","5":"has-post-thumbnail","7":"category-itaqua"},"_links":{"self":[{"href":"https:\/\/jm-metropole.com.br\/site\/wp-json\/wp\/v2\/posts\/7547","targetHints":{"allow":["GET"]}}],"collection":[{"href":"https:\/\/jm-metropole.com.br\/site\/wp-json\/wp\/v2\/posts"}],"about":[{"href":"https:\/\/jm-metropole.com.br\/site\/wp-json\/wp\/v2\/types\/post"}],"author":[{"embeddable":true,"href":"https:\/\/jm-metropole.com.br\/site\/wp-json\/wp\/v2\/users\/1"}],"replies":[{"embeddable":true,"href":"https:\/\/jm-metropole.com.br\/site\/wp-json\/wp\/v2\/comments?post=7547"}],"version-history":[{"count":1,"href":"https:\/\/jm-metropole.com.br\/site\/wp-json\/wp\/v2\/posts\/7547\/revisions"}],"predecessor-version":[{"id":7549,"href":"https:\/\/jm-metropole.com.br\/site\/wp-json\/wp\/v2\/posts\/7547\/revisions\/7549"}],"wp:featuredmedia":[{"embeddable":true,"href":"https:\/\/jm-metropole.com.br\/site\/wp-json\/wp\/v2\/media\/7548"}],"wp:attachment":[{"href":"https:\/\/jm-metropole.com.br\/site\/wp-json\/wp\/v2\/media?parent=7547"}],"wp:term":[{"taxonomy":"category","embeddable":true,"href":"https:\/\/jm-metropole.com.br\/site\/wp-json\/wp\/v2\/categories?post=7547"},{"taxonomy":"post_tag","embeddable":true,"href":"https:\/\/jm-metropole.com.br\/site\/wp-json\/wp\/v2\/tags?post=7547"}],"curies":[{"name":"wp","href":"https:\/\/api.w.org\/{rel}","templated":true}]}}