{"id":7544,"date":"2023-03-21T08:25:25","date_gmt":"2023-03-21T11:25:25","guid":{"rendered":"https:\/\/jm-metropole.com.br\/site\/?p=7544"},"modified":"2023-03-21T08:25:25","modified_gmt":"2023-03-21T11:25:25","slug":"mogi-intensifica-acoes-de-prevencao-ao-aedes-aegypti-na-semana-de-mobilizacao","status":"publish","type":"post","link":"https:\/\/jm-metropole.com.br\/site\/mogi-intensifica-acoes-de-prevencao-ao-aedes-aegypti-na-semana-de-mobilizacao\/","title":{"rendered":"Mogi intensifica a\u00e7\u00f5es de preven\u00e7\u00e3o ao Aedes aegypti na Semana de Mobiliza\u00e7\u00e3o"},"content":{"rendered":"<p>Mogi das Cruzes est\u00e1 participando da Semana Estadual de Mobiliza\u00e7\u00e3o Social contra o Aedes aegypti, que acontece de 20 a 25 de mar\u00e7o em todo o Estado de S\u00e3o Paulo. A equipe do N\u00facleo de Preven\u00e7\u00e3o e Controle de Arboviroses da Secretaria Municipal de Sa\u00fade est\u00e1 refor\u00e7ando a\u00e7\u00f5es junto aos estabelecimentos de ensino, associa\u00e7\u00f5es de moradores de bairro e equipamentos de sa\u00fade.<\/p>\n<p>A campanha iniciada nesta segunda-feira (20) intensifica o trabalho que em Mogi das Cruzes \u00e9 realizado de forma permanente. \u201cNossos agentes promovem visitas, bloqueios e a\u00e7\u00f5es educativas o ano inteiro. Nessa \u00e9poca, os cuidados precisam ser redobrados por conta da chuva e do calor, que s\u00e3o ambientes favor\u00e1veis para a prolifera\u00e7\u00e3o dos mosquitos\u201d, explica a secret\u00e1ria adjunta de Sa\u00fade, Ros\u00e2ngela Cunha.<\/p>\n<p>A Secretaria Municipal da Sa\u00fade orienta os mun\u00edcipes a estabelecerem uma grande for\u00e7a-tarefa para combater o mosquito Aedes aegypti. Enfrentar o mosquito Aedes aegypti \u00e9 uma tarefa cont\u00ednua e coletiva, buscando prevenir doen\u00e7as que podem aumentar no ver\u00e3o, principalmente quando as condi\u00e7\u00f5es clim\u00e1ticas s\u00e3o favor\u00e1veis ao aumento dos mosquitos\u201d.<\/p>\n<p><strong>Recomenda\u00e7\u00f5es para evitar os criadouros do mosquito:<\/strong><\/p>\n<p>&#8211; O prato do vaso de planta tamb\u00e9m pode ser foco do mosquito. Elimine o prato ou use um prato justo ao vaso, de forma que n\u00e3o haja espa\u00e7o entre o vaso e o prato;<br \/>\n&#8211; \u00a0\u00c9 importante deixar a caixa d\u2019\u00e1gua bem fechada e realizar a limpeza regularmente;<br \/>\n-\u00ad Descarte pneus usados em postos de coleta da Prefeitura;<br \/>\n\u00ad &#8211; Objetos que acumulam \u00e1gua, como potes e garrafas, tamb\u00e9m devem ser retirados dos quintais;<br \/>\n\u00ad &#8211; Lixo: Material para reciclagem deve ser mantido em saco fechado e em local coberto.<br \/>\n\u00ad &#8211; Ao apresentar os sinais e sintomas (dengue, Zika ou Chikungunya) \u00e9 importante procurar um servi\u00e7o de sa\u00fade para diagn\u00f3stico e tratamento adequados, todos oferecidos de forma integral e gratuita por meio do Sistema \u00danico de Sa\u00fade (SUS).<\/p>\n","protected":false},"excerpt":{"rendered":"<p>Mogi das Cruzes est\u00e1 participando da Semana Estadual de Mobiliza\u00e7\u00e3o Social contra o Aedes aegypti, que acontece de 20 a 25 de mar\u00e7o em todo o Estado de S\u00e3o Paulo. A equipe do N\u00facleo de Preven\u00e7\u00e3o e Controle de Arboviroses da Secretaria Municipal de Sa\u00fade est\u00e1 refor\u00e7ando a\u00e7\u00f5es junto aos estabelecimentos de ensino, associa\u00e7\u00f5es de [&hellip;]<\/p>\n","protected":false},"author":1,"featured_media":7545,"comment_status":"open","ping_status":"open","sticky":false,"template":"","format":"standard","meta":{"footnotes":""},"categories":[10],"tags":[],"class_list":{"0":"post-7544","1":"post","2":"type-post","3":"status-publish","4":"format-standard","5":"has-post-thumbnail","7":"category-mogi-das-cruzes"},"_links":{"self":[{"href":"https:\/\/jm-metropole.com.br\/site\/wp-json\/wp\/v2\/posts\/7544","targetHints":{"allow":["GET"]}}],"collection":[{"href":"https:\/\/jm-metropole.com.br\/site\/wp-json\/wp\/v2\/posts"}],"about":[{"href":"https:\/\/jm-metropole.com.br\/site\/wp-json\/wp\/v2\/types\/post"}],"author":[{"embeddable":true,"href":"https:\/\/jm-metropole.com.br\/site\/wp-json\/wp\/v2\/users\/1"}],"replies":[{"embeddable":true,"href":"https:\/\/jm-metropole.com.br\/site\/wp-json\/wp\/v2\/comments?post=7544"}],"version-history":[{"count":1,"href":"https:\/\/jm-metropole.com.br\/site\/wp-json\/wp\/v2\/posts\/7544\/revisions"}],"predecessor-version":[{"id":7546,"href":"https:\/\/jm-metropole.com.br\/site\/wp-json\/wp\/v2\/posts\/7544\/revisions\/7546"}],"wp:featuredmedia":[{"embeddable":true,"href":"https:\/\/jm-metropole.com.br\/site\/wp-json\/wp\/v2\/media\/7545"}],"wp:attachment":[{"href":"https:\/\/jm-metropole.com.br\/site\/wp-json\/wp\/v2\/media?parent=7544"}],"wp:term":[{"taxonomy":"category","embeddable":true,"href":"https:\/\/jm-metropole.com.br\/site\/wp-json\/wp\/v2\/categories?post=7544"},{"taxonomy":"post_tag","embeddable":true,"href":"https:\/\/jm-metropole.com.br\/site\/wp-json\/wp\/v2\/tags?post=7544"}],"curies":[{"name":"wp","href":"https:\/\/api.w.org\/{rel}","templated":true}]}}