{"id":7530,"date":"2023-03-20T16:51:45","date_gmt":"2023-03-20T19:51:45","guid":{"rendered":"https:\/\/jm-metropole.com.br\/site\/?p=7530"},"modified":"2023-03-20T16:51:45","modified_gmt":"2023-03-20T19:51:45","slug":"sp-vai-investir-r-150-milhoes-em-programa-esportivo-de-caca-talentos-nas-escolas","status":"publish","type":"post","link":"https:\/\/jm-metropole.com.br\/site\/sp-vai-investir-r-150-milhoes-em-programa-esportivo-de-caca-talentos-nas-escolas\/","title":{"rendered":"SP vai investir R$ 150 milh\u00f5es em programa esportivo de \u2018ca\u00e7a-talentos\u2019 nas escolas"},"content":{"rendered":"<header class=\"article-header\">\n<p class=\"excerpt\">O S\u00e3o Paulo Ol\u00edmpico come\u00e7a como projeto-piloto em 10 cidades e ter\u00e1 aulas de atletismo, basquete, futsal, handebol, jud\u00f4 e v\u00f4lei<\/p>\n<\/header>\n<article class=\"article-main\">O Governador Tarc\u00edsio de Freitas anunciou nesta segunda-feira o Programa S\u00e3o Paulo Ol\u00edmpico para a descoberta de novos talentos nas escolas estaduais. Ao todo, a gest\u00e3o estadual vai investir R$ 150 milh\u00f5es na iniciativa e 600 professores de educa\u00e7\u00e3o f\u00edsica ser\u00e3o capacitados.<\/p>\n<p>O programa foi lan\u00e7ado juntamente ao calend\u00e1rio de competi\u00e7\u00f5es oficiais da Secretaria de Esportes. O S\u00e3o Paulo Ol\u00edmpico ser\u00e1 implementado em forma de projeto-piloto em dez cidades: Ara\u00e7atuba, Birigui, Campinas, Jos\u00e9 Bonif\u00e1cio, Limeira, Lins, Novo Horizonte, Piracicaba, Santa B\u00e1rbara d\u2019Oeste e S\u00e3o Jos\u00e9 do Rio Preto.<\/p>\n<p>Neste primeiro momento, h\u00e1 seis modalidades dispon\u00edveis: atletismo, basquete, futsal, handebol, jud\u00f4 e v\u00f4lei. O programa ser\u00e1 realizado em parceria com os munic\u00edpios.<\/p>\n<p>\u201cA liga\u00e7\u00e3o entre esporte e educa\u00e7\u00e3o ser\u00e1 cada vez mais forte. Quantos talentos temos espalhados pelo Estado? Se dermos incentivo, eles v\u00e3o aflorar. E essa turma vai fazer as bandeiras de S\u00e3o Paulo e do Brasil tremularem mais alto. Veremos medalhistas saindo do nosso programa e que v\u00e3o inspirar outros jovens\u201d, destacou Tarc\u00edsio de Freitas.<\/p>\n<p>As a\u00e7\u00f5es ser\u00e3o divididas em tr\u00eas etapas. A primeira consiste na inicia\u00e7\u00e3o esportiva para alunos do 1\u00ba ao 5\u00ba ano do Ensino Fundamental. Aqueles que se destacarem ser\u00e3o encaminhados a Centros de Forma\u00e7\u00e3o Esportiva a partir do 6\u00ba ano. Posteriormente, poder\u00e3o ser encaminhados para o treinamento de alto desempenho.<\/p>\n<p>\u201cO objetivo \u00e9 formar atletas ol\u00edmpicos e investir no esporte como pol\u00edtica p\u00fablica. Vamos trabalhar a sociedade e seu sentido de cidadania desde os primeiros anos da idade escolar\u201d, afirmou a secret\u00e1ria de Esportes, coronel Helena Reis.<\/p>\n<p><strong>Calend\u00e1rio esportivo<\/strong><\/p>\n<p>O calend\u00e1rio oficial de competi\u00e7\u00f5es da Secretaria de Esportes contar\u00e1 com 39 eventos, que ser\u00e3o sediados em diversos munic\u00edpios do Interior. A primeira competi\u00e7\u00e3o de grande porte ser\u00e3o os Jogos da Melhor Idade (JOMI), em S\u00e3o Bernardo do Campo, de 27 de mar\u00e7o a 2 de abril.<\/p>\n<p>Outros eventos de grande porte s\u00e3o os Jogos Escolares, nove Copas de diferentes modalidades esportivas, o Campeonato Estadual de Futebol Professor Jos\u00e9 Astolphi e os Jogos Regionais nas oito regi\u00f5es esportivas. A grande disputa de 2023 ser\u00e1 a dos Jogos Abertos do Interior Hor\u00e1cio Baby Barioni, que neste ano chega \u00e0 85\u00aa edi\u00e7\u00e3o.<\/p>\n<p>O ex-mesatenista Hugo Hoyama acompanhou o lan\u00e7amento do calend\u00e1rio e falou sobre a import\u00e2ncia das competi\u00e7\u00f5es estaduais para a forma\u00e7\u00e3o de novos atletas de ponta. Ele relatou que disputou sua primeira edi\u00e7\u00e3o de Jogos Abertos aos 13 anos. Posteriormente, participou de seis edi\u00e7\u00f5es de Jogos Ol\u00edmpicos, al\u00e9m de sete Jogos Pan-Americanos \u2013 ele \u00e9 um dos maiores medalhistas brasileiros em Pans, com 15 medalhas, sendo 10 ouros, uma prata e quatro bronzes.<\/p>\n<p>\u201cFoi a partir da experi\u00eancia nos Jogos Abertos que comecei a me preparar para os Jogos Pan-Americanos e para os Jogos Ol\u00edmpicos. \u00c9 uma competi\u00e7\u00e3o importante para todos os atletas\u201d, disse Hoyama. Tamb\u00e9m acompanharam o evento o secret\u00e1rio-chefe da Casa Civil, Arthur Lima; e o secret\u00e1rio de Educa\u00e7\u00e3o, Renato Feder.<\/p>\n<p>*Com informa\u00e7\u00f5es do Portal do Governo do Estado de S\u00e3o Paulo<\/p>\n<\/article>\n","protected":false},"excerpt":{"rendered":"<p>O S\u00e3o Paulo Ol\u00edmpico come\u00e7a como projeto-piloto em 10 cidades e ter\u00e1 aulas de atletismo, basquete, futsal, handebol, jud\u00f4 e v\u00f4lei O Governador Tarc\u00edsio de Freitas anunciou nesta segunda-feira o Programa S\u00e3o Paulo Ol\u00edmpico para a descoberta de novos talentos nas escolas estaduais. Ao todo, a gest\u00e3o estadual vai investir R$ 150 milh\u00f5es na iniciativa [&hellip;]<\/p>\n","protected":false},"author":1,"featured_media":7531,"comment_status":"open","ping_status":"open","sticky":false,"template":"","format":"standard","meta":{"footnotes":""},"categories":[48],"tags":[],"class_list":{"0":"post-7530","1":"post","2":"type-post","3":"status-publish","4":"format-standard","5":"has-post-thumbnail","7":"category-geral"},"_links":{"self":[{"href":"https:\/\/jm-metropole.com.br\/site\/wp-json\/wp\/v2\/posts\/7530","targetHints":{"allow":["GET"]}}],"collection":[{"href":"https:\/\/jm-metropole.com.br\/site\/wp-json\/wp\/v2\/posts"}],"about":[{"href":"https:\/\/jm-metropole.com.br\/site\/wp-json\/wp\/v2\/types\/post"}],"author":[{"embeddable":true,"href":"https:\/\/jm-metropole.com.br\/site\/wp-json\/wp\/v2\/users\/1"}],"replies":[{"embeddable":true,"href":"https:\/\/jm-metropole.com.br\/site\/wp-json\/wp\/v2\/comments?post=7530"}],"version-history":[{"count":1,"href":"https:\/\/jm-metropole.com.br\/site\/wp-json\/wp\/v2\/posts\/7530\/revisions"}],"predecessor-version":[{"id":7532,"href":"https:\/\/jm-metropole.com.br\/site\/wp-json\/wp\/v2\/posts\/7530\/revisions\/7532"}],"wp:featuredmedia":[{"embeddable":true,"href":"https:\/\/jm-metropole.com.br\/site\/wp-json\/wp\/v2\/media\/7531"}],"wp:attachment":[{"href":"https:\/\/jm-metropole.com.br\/site\/wp-json\/wp\/v2\/media?parent=7530"}],"wp:term":[{"taxonomy":"category","embeddable":true,"href":"https:\/\/jm-metropole.com.br\/site\/wp-json\/wp\/v2\/categories?post=7530"},{"taxonomy":"post_tag","embeddable":true,"href":"https:\/\/jm-metropole.com.br\/site\/wp-json\/wp\/v2\/tags?post=7530"}],"curies":[{"name":"wp","href":"https:\/\/api.w.org\/{rel}","templated":true}]}}