{"id":7521,"date":"2023-03-20T09:26:15","date_gmt":"2023-03-20T12:26:15","guid":{"rendered":"https:\/\/jm-metropole.com.br\/site\/?p=7521"},"modified":"2023-03-20T09:26:15","modified_gmt":"2023-03-20T12:26:15","slug":"governo-de-sp-publica-decreto-de-pagamento-do-piso-para-professores","status":"publish","type":"post","link":"https:\/\/jm-metropole.com.br\/site\/governo-de-sp-publica-decreto-de-pagamento-do-piso-para-professores\/","title":{"rendered":"Governo de SP publica decreto de pagamento do piso para professores"},"content":{"rendered":"<header class=\"article-header\">\n<p class=\"excerpt\">Mais de 109 mil docentes receber\u00e3o reajuste na \u00faltima semana de mar\u00e7o<\/p>\n<\/header>\n<article class=\"article-main\">Foi publicado neste s\u00e1bado (17), no Di\u00e1rio Oficial (DO), o decreto que autoriza o pagamento do piso nacional dos professores de S\u00e3o Paulo.<\/p>\n<p>Com a medida, o sal\u00e1rio incial dos docentes vai passar de R$ 3.845,63 para R$ 4.420,55. Isso representa um aumento de 15% para 109.532 mil professores ativos, al\u00e9m dos inativos.<\/p>\n<p>O pagamento ser\u00e1 efetuado na \u00faltima semana de mar\u00e7o, retroativo a janeiro.<\/p>\n<p>As categorias que ter\u00e3o direito s\u00e3o Professor II, Professor Educa\u00e7\u00e3o B\u00e1sica I e Professor Educa\u00e7\u00e3o B\u00e1sica II, titulares de cargo e ocupantes de fun\u00e7\u00e3o-atividade.<\/p>\n<p>*Com informa\u00e7\u00f5es do Portal do Governo do Estado de S\u00e3o Paulo<\/p>\n<\/article>\n","protected":false},"excerpt":{"rendered":"<p>Mais de 109 mil docentes receber\u00e3o reajuste na \u00faltima semana de mar\u00e7o Foi publicado neste s\u00e1bado (17), no Di\u00e1rio Oficial (DO), o decreto que autoriza o pagamento do piso nacional dos professores de S\u00e3o Paulo. Com a medida, o sal\u00e1rio incial dos docentes vai passar de R$ 3.845,63 para R$ 4.420,55. Isso representa um aumento [&hellip;]<\/p>\n","protected":false},"author":1,"featured_media":7522,"comment_status":"open","ping_status":"open","sticky":false,"template":"","format":"standard","meta":{"footnotes":""},"categories":[48],"tags":[],"class_list":{"0":"post-7521","1":"post","2":"type-post","3":"status-publish","4":"format-standard","5":"has-post-thumbnail","7":"category-geral"},"_links":{"self":[{"href":"https:\/\/jm-metropole.com.br\/site\/wp-json\/wp\/v2\/posts\/7521","targetHints":{"allow":["GET"]}}],"collection":[{"href":"https:\/\/jm-metropole.com.br\/site\/wp-json\/wp\/v2\/posts"}],"about":[{"href":"https:\/\/jm-metropole.com.br\/site\/wp-json\/wp\/v2\/types\/post"}],"author":[{"embeddable":true,"href":"https:\/\/jm-metropole.com.br\/site\/wp-json\/wp\/v2\/users\/1"}],"replies":[{"embeddable":true,"href":"https:\/\/jm-metropole.com.br\/site\/wp-json\/wp\/v2\/comments?post=7521"}],"version-history":[{"count":1,"href":"https:\/\/jm-metropole.com.br\/site\/wp-json\/wp\/v2\/posts\/7521\/revisions"}],"predecessor-version":[{"id":7523,"href":"https:\/\/jm-metropole.com.br\/site\/wp-json\/wp\/v2\/posts\/7521\/revisions\/7523"}],"wp:featuredmedia":[{"embeddable":true,"href":"https:\/\/jm-metropole.com.br\/site\/wp-json\/wp\/v2\/media\/7522"}],"wp:attachment":[{"href":"https:\/\/jm-metropole.com.br\/site\/wp-json\/wp\/v2\/media?parent=7521"}],"wp:term":[{"taxonomy":"category","embeddable":true,"href":"https:\/\/jm-metropole.com.br\/site\/wp-json\/wp\/v2\/categories?post=7521"},{"taxonomy":"post_tag","embeddable":true,"href":"https:\/\/jm-metropole.com.br\/site\/wp-json\/wp\/v2\/tags?post=7521"}],"curies":[{"name":"wp","href":"https:\/\/api.w.org\/{rel}","templated":true}]}}