{"id":7515,"date":"2023-03-20T07:53:56","date_gmt":"2023-03-20T10:53:56","guid":{"rendered":"https:\/\/jm-metropole.com.br\/site\/?p=7515"},"modified":"2023-03-20T07:53:56","modified_gmt":"2023-03-20T10:53:56","slug":"doze-alunos-do-pequenos-musicos-sao-aprovados-em-escolas-de-musica-de-sao-paulo","status":"publish","type":"post","link":"https:\/\/jm-metropole.com.br\/site\/doze-alunos-do-pequenos-musicos-sao-aprovados-em-escolas-de-musica-de-sao-paulo\/","title":{"rendered":"Doze alunos do \u201cPequenos M\u00fasicos\u201d s\u00e3o aprovados em escolas de m\u00fasica de S\u00e3o Paulo"},"content":{"rendered":"<div class=\"col-sm-8 col-md-9 col-lg-9\">\n<div id=\"conteudo\" class=\"conteudo\">\n<p>Alunos do projeto \u201cPequenos M\u00fasicos\u2026Primeiros Acordes na Escola\u201d, promovido pela Prefeitura de Mogi das Cruzes, por meio da Secretaria de Educa\u00e7\u00e3o, foram aprovados na EMESP Tom Jobim (Escola de M\u00fasica do Estado de S\u00e3o Paulo) e na Escola Municipal de M\u00fasica da capital. As escolas s\u00e3o refer\u00eancias no ensino de m\u00fasica brasileira e re\u00fanem em seu corpo docente profissionais com reconhecimento internacional. Ao todo, foram aprovados doze m\u00fasicos, que ir\u00e3o avan\u00e7ar na sua carreira musical.<\/p>\n<p>Uma das aprovadas na EMESP \u00e9 Juliene Anuncia\u00e7\u00e3o Bossio, 18 anos, aluna do Polo Ciarte e integrante da Banda Infanto Juvenil, que estudar\u00e1 percuss\u00e3o. \u201cEntrei com 7 anos no projeto, a m\u00fasica sempre fez parte da minha vida. \u00c9 um projeto que eu gosto muito, porque me ajudou de muitas maneiras, como o crescimento na m\u00fasica e o desenvolvimento pessoal\u201d, contou a jovem, que come\u00e7ou o projeto na escola EM Prof\u00aa Apparecida Ferreira Cursino, no Jardim Universo, e pretende futuramente tocar em grandes orquestras e bandas sinf\u00f4nicas.<\/p>\n<p>O aluno do n\u00facleo do projeto no CEMPRE Prof. Jos\u00e9 Limongi Sobrinho, no Botujuru, Ot\u00e1vio Vin\u00edcius Gomes Regis, aprovado em trompete, foi classificado pela segunda vez na EMESP e tamb\u00e9m passou na Escola Municipal de M\u00fasica de S\u00e3o Paulo. Desde pequeno cultivou a admira\u00e7\u00e3o que tinha por seu tio, que tocava o mesmo instrumento e passou a amar o mundo da m\u00fasica. Hoje aos 18 anos, ele coleciona momentos especiais em sua trajet\u00f3ria, al\u00e9m de ter como objetivo ser um m\u00fasico militar.<\/p>\n<p>Ot\u00e1vio come\u00e7ou a estudar m\u00fasica na mesma escola de Juliene. \u201cEntrei com seis anos no projeto. Fiz a minha primeira prova com oito anos para a Banda Sinf\u00f4nica Pequenos M\u00fasicos, que atualmente \u00e9 a Banda Infanto Juvenil, e passei. Foi ali na Banda, onde eu vi que queria seguir com a m\u00fasica\u201d. Al\u00e9m da aprova\u00e7\u00e3o na Emesp, o jovem m\u00fasico \u00e9 bolsista da Orquestra Jovem de Mogi e toca na Orquestra Minha Terra Mogi.<\/p>\n<p>Outro aluno do n\u00facleo do Botujuru, foi aprovado em percuss\u00e3o. Jo\u00e3o Ant\u00f4nio da Silva Oliveira, 14 anos, destacou a import\u00e2ncia do projeto em sua vida. \u201cEu comecei em 2016 com sete anos. Conforme eu fui gostando e os anos foram passando, me senti pronto para tocar em outros lugares, ent\u00e3o entrei na Banda Infanto Juvenil de Mogi das Cruzes. No fim do ano passado fiz o processo seletivo para a EMESP e passei.\u201d<\/p>\n<p>Jo\u00e3o destaca que seu objetivo inicial \u00e9 tocar em grandes lugares e escolas e talvez dar aula algum dia. \u201cEsse projeto \u00e9 muito importante para mim e com certeza para muitas outras crian\u00e7as e adolescentes tamb\u00e9m\u201d. Na lista dos aprovados tamb\u00e9m est\u00e3o L\u00e1zaro Souza &#8211; Clarinete (EMESP e Escola Municipal), Sibele Souza &#8211; Trompa (EMESP), Luana Souza &#8211; Percuss\u00e3o (EMESP) e Beatriz Cozaciuc &#8211; Clarinete (Escola Municipal), todos do CEMPRE Prof. Jos\u00e9 Limongi Sobrinho; Rafael Gomes Oliveira &#8211; Tuba (EMESP), Daniel Neves de Souza &#8211; Trompete (EMESP) e Nat\u00e1lia Dourado Pires &#8211; Clarinete (Escola Municipal), da EM Prof. Mario Portes; Eduarda Cavalcante &#8211; Trompa (Escola Municipal), do Polo Ciarte e Naielli Batista Lucas &#8211; Clarinete (EMESP), do CEMPRE Oswaldo Ornellas.<\/p>\n<p>O maestro Everton Ravelli, que acompanhou os alunos durante o processo seletivo no Cempre do Botujuru e atualmente \u00e9 coordenador do Pequenos M\u00fasicos tamb\u00e9m na EM Prof. Mario Portes, est\u00e1 orgulhoso das aprova\u00e7\u00f5es. \u201cNestes momentos percebemos o quanto valem as horas de dedica\u00e7\u00e3o e muito estudo que tivemos ao longo do tempo. Parab\u00e9ns aos professores e pais pelo apoio e por todo o trabalho realizado! Que seja a primeira de muitas aprova\u00e7\u00f5es\u201d.<\/p>\n<p>A gest\u00e3o do projeto \u00e9 feita pela Sinf\u00f4nica Mogi. O diretor art\u00edstico do projeto \u201cPequenos M\u00fasicos\u201d, maestro Lelis Gerson, tamb\u00e9m comemorou o resultado. \u201cA aprova\u00e7\u00e3o dos nossos alunos nas principais escolas de m\u00fasica do Estado de S\u00e3o Paulo nos incentiva a continuar aprimorando o ensino de m\u00fasica dos nossos projetos\u201d, disse ele. \u201cQuero parabenizar todos os alunos aprovados nas escolas e que esses possam servir de exemplo para os milhares de alunos que atendemos. Continuarei lutando em prol do ensino de m\u00fasica da nossa cidade\u201d, finalizou.<\/p>\n<p>O projeto \u201cPequenos M\u00fasicos\u2026Primeiros Acordes na Escola\u201d, atende 20 escolas municipais e alcan\u00e7a cerca de 11 mil alunos oferecendo aulas de musicaliza\u00e7\u00e3o e ensino de instrumentos de sopros e percuss\u00e3o<\/p>\n<p>&nbsp;<\/p>\n<div class=\"text-center\"><\/div>\n<\/div>\n<\/div>\n","protected":false},"excerpt":{"rendered":"<p>Alunos do projeto \u201cPequenos M\u00fasicos\u2026Primeiros Acordes na Escola\u201d, promovido pela Prefeitura de Mogi das Cruzes, por meio da Secretaria de Educa\u00e7\u00e3o, foram aprovados na EMESP Tom Jobim (Escola de M\u00fasica do Estado de S\u00e3o Paulo) e na Escola Municipal de M\u00fasica da capital. As escolas s\u00e3o refer\u00eancias no ensino de m\u00fasica brasileira e re\u00fanem em [&hellip;]<\/p>\n","protected":false},"author":1,"featured_media":7516,"comment_status":"open","ping_status":"open","sticky":false,"template":"","format":"standard","meta":{"footnotes":""},"categories":[10],"tags":[],"class_list":{"0":"post-7515","1":"post","2":"type-post","3":"status-publish","4":"format-standard","5":"has-post-thumbnail","7":"category-mogi-das-cruzes"},"_links":{"self":[{"href":"https:\/\/jm-metropole.com.br\/site\/wp-json\/wp\/v2\/posts\/7515","targetHints":{"allow":["GET"]}}],"collection":[{"href":"https:\/\/jm-metropole.com.br\/site\/wp-json\/wp\/v2\/posts"}],"about":[{"href":"https:\/\/jm-metropole.com.br\/site\/wp-json\/wp\/v2\/types\/post"}],"author":[{"embeddable":true,"href":"https:\/\/jm-metropole.com.br\/site\/wp-json\/wp\/v2\/users\/1"}],"replies":[{"embeddable":true,"href":"https:\/\/jm-metropole.com.br\/site\/wp-json\/wp\/v2\/comments?post=7515"}],"version-history":[{"count":1,"href":"https:\/\/jm-metropole.com.br\/site\/wp-json\/wp\/v2\/posts\/7515\/revisions"}],"predecessor-version":[{"id":7517,"href":"https:\/\/jm-metropole.com.br\/site\/wp-json\/wp\/v2\/posts\/7515\/revisions\/7517"}],"wp:featuredmedia":[{"embeddable":true,"href":"https:\/\/jm-metropole.com.br\/site\/wp-json\/wp\/v2\/media\/7516"}],"wp:attachment":[{"href":"https:\/\/jm-metropole.com.br\/site\/wp-json\/wp\/v2\/media?parent=7515"}],"wp:term":[{"taxonomy":"category","embeddable":true,"href":"https:\/\/jm-metropole.com.br\/site\/wp-json\/wp\/v2\/categories?post=7515"},{"taxonomy":"post_tag","embeddable":true,"href":"https:\/\/jm-metropole.com.br\/site\/wp-json\/wp\/v2\/tags?post=7515"}],"curies":[{"name":"wp","href":"https:\/\/api.w.org\/{rel}","templated":true}]}}