{"id":7503,"date":"2023-03-18T09:49:15","date_gmt":"2023-03-18T12:49:15","guid":{"rendered":"https:\/\/jm-metropole.com.br\/site\/?p=7503"},"modified":"2023-03-18T09:49:15","modified_gmt":"2023-03-18T12:49:15","slug":"ung-homenageia-pastores-e-lideres-evangelicos-de-guarulhos","status":"publish","type":"post","link":"https:\/\/jm-metropole.com.br\/site\/ung-homenageia-pastores-e-lideres-evangelicos-de-guarulhos\/","title":{"rendered":"UNG homenageia pastores e l\u00edderes evang\u00e9licos de Guarulhos"},"content":{"rendered":"<p>A Universidade Guarulhos (UNG) realizou, na noite da \u00faltima quarta-feira (15), a cerim\u00f4nia de entrega do certificado com men\u00e7\u00e3o honrosa \u201cSociedade, Paz e Educa\u00e7\u00e3o 2023\u201d aos pastores e l\u00edderes de igrejas evang\u00e9licas do Munic\u00edpio. A sess\u00e3o extraordin\u00e1ria do Conselho Universit\u00e1rio da UNG reconhece a atua\u00e7\u00e3o de segmentos da sociedade que ajudam a popula\u00e7\u00e3o na gera\u00e7\u00e3o de emprego e renda, no amparo psicol\u00f3gico\/espiritual, amparo social a grupos vulner\u00e1veis e \u00e0 sa\u00fade.<\/p>\n<p>A solenidade, no Anfiteatro F, foi acompanhada por cerca de 60 religiosos e seus familiares, que se sentiram honrados com a homenagem. A mesa de honra foi composta pelo reitor da UNG, professor Yuri Neiman; pelo prefeito de Guarulhos, Gustavo Henric Costa, o Guti; pelo vice-prefeito e secret\u00e1rio de Cultura da cidade, Jesus Roque de Freitas; pelo coordenador do curso de Odontologia da universidade, Eduardo Calil; pelo presidente do Conselho de Ministros Evang\u00e9licos de Guarulhos (Comeg), pastor Levi Capellari e pelo pastor da Igreja Metodista, Denilson Gomes. Tamb\u00e9m estavam presentes o pastor da Igreja Comunidade Crist\u00e3 de Guarulhos, Edmilson Dias; o pastor da Assembleia de Deus Logos, A\u00e9cio Ribeiro e a pastora da Igreja Betel Church, Val\u00e9ria Messias Lima.<\/p>\n<p>O professor Yuri Neiman, idealizador da iniciativa, enfatizou que o objetivo do evento era enaltecer o trabalho dos evang\u00e9licos. \u201cA men\u00e7\u00e3o honrosa da universidade \u00e9 uma forma de reconhecer o trabalho social que voc\u00eas desenvolvem em Guarulhos e S\u00e3o Paulo. Cada um que est\u00e1 aqui faz um trabalho humano de acolhimento social, psicol\u00f3gico, espiritual e de inclus\u00e3o com as fam\u00edlias que tanto precisam. Muitos tamb\u00e9m contribuem com ajuda material para aqueles que perderam tudo e, assim, fizeram antes da pandemia tamb\u00e9m. Uma honra receb\u00ea-los nesta noite\u201d, ressaltou.<\/p>\n<p>O prefeito Guti parabenizou a iniciativa da UNG e o excelente trabalho realizado pelos pastores nas comunidades. \u201cParabenizo a universidade por esta justa homenagem aos evang\u00e9licos. Agrade\u00e7o o apoio e trabalho de cada um de voc\u00eas para melhorar a vida das pessoas. Sabemos e temos a humildade de que ainda falta muito para ter a cidade que a gente quer, falta muito para ter a cidade que o guarulhense merece, mas com todo mundo unido vamos continuar lutando por uma Guarulhos cada vez melhor\u201d, destacou.<\/p>\n<p>Entre os homenageados da noite, o pastor Levi disse estar muito contente. \u201c\u00c9 uma imensa satisfa\u00e7\u00e3o e alegria estar aqui na UNG. Essa men\u00e7\u00e3o honrosa trata-se de algo justo diante da relev\u00e2ncia do minist\u00e9rio pastoral, da miss\u00e3o que carregamos com a voca\u00e7\u00e3o dada, n\u00e3o por homens, mas por Deus. At\u00e9 mesmo dentro da comunidade crist\u00e3 evang\u00e9lica, a miss\u00e3o pastoral n\u00e3o \u00e9 reconhecida como deveria ser. Na pandemia, em que as pessoas precisaram ficar em casa, fomos a campo dar assist\u00eancia, principalmente, para os idosos. N\u00e3o somente assist\u00eancia espiritual, mas tamb\u00e9m social, levando cesta b\u00e1sica, rem\u00e9dio, abrindo as igrejas para receber quem estava com problemas emocionais s\u00e9rios. As cicatrizes ficaram, mas estamos na presen\u00e7a de Deus. Vamos continuar nesta jornada at\u00e9 que Cristo volte\u201d, disse.<\/p>\n<p>Participaram ainda do evento o secret\u00e1rio de Gest\u00e3o, Adam Kubo; o vereador pastor Anistaldo Lopes; e o secret\u00e1rio de Governo de Guarulhos, Edmilson Americano.<\/p>\n","protected":false},"excerpt":{"rendered":"<p>A Universidade Guarulhos (UNG) realizou, na noite da \u00faltima quarta-feira (15), a cerim\u00f4nia de entrega do certificado com men\u00e7\u00e3o honrosa \u201cSociedade, Paz e Educa\u00e7\u00e3o 2023\u201d aos pastores e l\u00edderes de igrejas evang\u00e9licas do Munic\u00edpio. A sess\u00e3o extraordin\u00e1ria do Conselho Universit\u00e1rio da UNG reconhece a atua\u00e7\u00e3o de segmentos da sociedade que ajudam a popula\u00e7\u00e3o na gera\u00e7\u00e3o [&hellip;]<\/p>\n","protected":false},"author":1,"featured_media":7504,"comment_status":"open","ping_status":"open","sticky":false,"template":"","format":"standard","meta":{"footnotes":""},"categories":[3],"tags":[],"class_list":{"0":"post-7503","1":"post","2":"type-post","3":"status-publish","4":"format-standard","5":"has-post-thumbnail","7":"category-guarulhos"},"_links":{"self":[{"href":"https:\/\/jm-metropole.com.br\/site\/wp-json\/wp\/v2\/posts\/7503","targetHints":{"allow":["GET"]}}],"collection":[{"href":"https:\/\/jm-metropole.com.br\/site\/wp-json\/wp\/v2\/posts"}],"about":[{"href":"https:\/\/jm-metropole.com.br\/site\/wp-json\/wp\/v2\/types\/post"}],"author":[{"embeddable":true,"href":"https:\/\/jm-metropole.com.br\/site\/wp-json\/wp\/v2\/users\/1"}],"replies":[{"embeddable":true,"href":"https:\/\/jm-metropole.com.br\/site\/wp-json\/wp\/v2\/comments?post=7503"}],"version-history":[{"count":1,"href":"https:\/\/jm-metropole.com.br\/site\/wp-json\/wp\/v2\/posts\/7503\/revisions"}],"predecessor-version":[{"id":7505,"href":"https:\/\/jm-metropole.com.br\/site\/wp-json\/wp\/v2\/posts\/7503\/revisions\/7505"}],"wp:featuredmedia":[{"embeddable":true,"href":"https:\/\/jm-metropole.com.br\/site\/wp-json\/wp\/v2\/media\/7504"}],"wp:attachment":[{"href":"https:\/\/jm-metropole.com.br\/site\/wp-json\/wp\/v2\/media?parent=7503"}],"wp:term":[{"taxonomy":"category","embeddable":true,"href":"https:\/\/jm-metropole.com.br\/site\/wp-json\/wp\/v2\/categories?post=7503"},{"taxonomy":"post_tag","embeddable":true,"href":"https:\/\/jm-metropole.com.br\/site\/wp-json\/wp\/v2\/tags?post=7503"}],"curies":[{"name":"wp","href":"https:\/\/api.w.org\/{rel}","templated":true}]}}