{"id":7492,"date":"2023-03-17T12:19:38","date_gmt":"2023-03-17T15:19:38","guid":{"rendered":"https:\/\/jm-metropole.com.br\/site\/?p=7492"},"modified":"2023-03-17T12:19:38","modified_gmt":"2023-03-17T15:19:38","slug":"vacinacao-bivalente-contra-covid-19-para-gestantes-e-puerperas-tem-inicio-nesta-segunda-feira","status":"publish","type":"post","link":"https:\/\/jm-metropole.com.br\/site\/vacinacao-bivalente-contra-covid-19-para-gestantes-e-puerperas-tem-inicio-nesta-segunda-feira\/","title":{"rendered":"VACINA\u00c7\u00c3O BIVALENTE CONTRA COVID-19 PARA GESTANTES E PU\u00c9RPERAS TEM IN\u00cdCIO NESTA SEGUNDA-FEIRA"},"content":{"rendered":"<p>A Prefeitura de Santa Isabel d\u00e1 in\u00edcio a mais uma fase da vacina\u00e7\u00e3o bivalente contra a Covid-19. A a\u00e7\u00e3o come\u00e7a nesta segunda-feira (20\/03), das 7h \u00e0s 16h, em todos os postos. O p\u00fablico-alvo s\u00e3o as gestantes em qualquer idade gestacional e as pu\u00e9rperas (mulheres com at\u00e9 45 dias de p\u00f3s-parto). As crian\u00e7as tamb\u00e9m ter\u00e3o acesso a dose de refor\u00e7o da vacina monovalente.<\/p>\n<p>Nesta fase, o grupo infantil atendido \u00e9 o seguinte: Crian\u00e7as de 6 meses a 2 anos de idade, para in\u00edcio de esquema vacinal ou completude de esquema j\u00e1 iniciado; Crian\u00e7as de 3 a 4 anos de idade, com in\u00edcio ou completude de esquema vacinal j\u00e1 iniciado, ou terceira dose; Crian\u00e7as de 5 a 11 anos, com in\u00edcio ou completude de esquema vacinal j\u00e1 iniciado ou terceira dose.<\/p>\n<p>J\u00e1 os idosos que ainda n\u00e3o se vacinaram, ainda podem realizar a imuniza\u00e7\u00e3o em qualquer uma das unidades de sa\u00fade. De acordo com a equipe t\u00e9cnica da Secretaria Municipal de Sa\u00fade, \u00e9 importante que esse p\u00fablico esteja com o esquema vacinal em dia.<\/p>\n<p>A aplica\u00e7\u00e3o ocorrer\u00e1 em todas as salas de vacina do munic\u00edpio. No caso da vacina\u00e7\u00e3o infantil, \u00e9 necess\u00e1rio o acompanhamento dos pais ou respons\u00e1veis e a apresenta\u00e7\u00e3o do cart\u00e3o de vacina e do documento de identifica\u00e7\u00e3o, no momento da imuniza\u00e7\u00e3o.<\/p>\n<p>Os endere\u00e7os e os telefones das unidades de sa\u00fade podem ser consultados no site oficial da Prefeitura de Santa Isabel (https:\/\/portal.santaisabel.sp.gov.br\/ubs\/). Abaixo, segue demanda referente a vacina\u00e7\u00e3o contra a Covid-19 no p\u00fablico adulto e infantil.<\/p>\n","protected":false},"excerpt":{"rendered":"<p>A Prefeitura de Santa Isabel d\u00e1 in\u00edcio a mais uma fase da vacina\u00e7\u00e3o bivalente contra a Covid-19. A a\u00e7\u00e3o come\u00e7a nesta segunda-feira (20\/03), das 7h \u00e0s 16h, em todos os postos. O p\u00fablico-alvo s\u00e3o as gestantes em qualquer idade gestacional e as pu\u00e9rperas (mulheres com at\u00e9 45 dias de p\u00f3s-parto). As crian\u00e7as tamb\u00e9m ter\u00e3o acesso [&hellip;]<\/p>\n","protected":false},"author":1,"featured_media":7493,"comment_status":"open","ping_status":"open","sticky":false,"template":"","format":"standard","meta":{"footnotes":""},"categories":[5],"tags":[],"class_list":{"0":"post-7492","1":"post","2":"type-post","3":"status-publish","4":"format-standard","5":"has-post-thumbnail","7":"category-santa-isabel"},"_links":{"self":[{"href":"https:\/\/jm-metropole.com.br\/site\/wp-json\/wp\/v2\/posts\/7492","targetHints":{"allow":["GET"]}}],"collection":[{"href":"https:\/\/jm-metropole.com.br\/site\/wp-json\/wp\/v2\/posts"}],"about":[{"href":"https:\/\/jm-metropole.com.br\/site\/wp-json\/wp\/v2\/types\/post"}],"author":[{"embeddable":true,"href":"https:\/\/jm-metropole.com.br\/site\/wp-json\/wp\/v2\/users\/1"}],"replies":[{"embeddable":true,"href":"https:\/\/jm-metropole.com.br\/site\/wp-json\/wp\/v2\/comments?post=7492"}],"version-history":[{"count":1,"href":"https:\/\/jm-metropole.com.br\/site\/wp-json\/wp\/v2\/posts\/7492\/revisions"}],"predecessor-version":[{"id":7494,"href":"https:\/\/jm-metropole.com.br\/site\/wp-json\/wp\/v2\/posts\/7492\/revisions\/7494"}],"wp:featuredmedia":[{"embeddable":true,"href":"https:\/\/jm-metropole.com.br\/site\/wp-json\/wp\/v2\/media\/7493"}],"wp:attachment":[{"href":"https:\/\/jm-metropole.com.br\/site\/wp-json\/wp\/v2\/media?parent=7492"}],"wp:term":[{"taxonomy":"category","embeddable":true,"href":"https:\/\/jm-metropole.com.br\/site\/wp-json\/wp\/v2\/categories?post=7492"},{"taxonomy":"post_tag","embeddable":true,"href":"https:\/\/jm-metropole.com.br\/site\/wp-json\/wp\/v2\/tags?post=7492"}],"curies":[{"name":"wp","href":"https:\/\/api.w.org\/{rel}","templated":true}]}}