{"id":7263,"date":"2023-03-13T08:01:22","date_gmt":"2023-03-13T11:01:22","guid":{"rendered":"https:\/\/jm-metropole.com.br\/site\/?p=7263"},"modified":"2023-03-13T08:01:55","modified_gmt":"2023-03-13T11:01:55","slug":"comunicado-importante-_doacoes-angariadas-por-ongs-e-entidades-para-as-vitimas-das-chuvas_","status":"publish","type":"post","link":"https:\/\/jm-metropole.com.br\/site\/comunicado-importante-_doacoes-angariadas-por-ongs-e-entidades-para-as-vitimas-das-chuvas_\/","title":{"rendered":"Doa\u00e7\u00f5es angariadas por ONGs e entidades para as v\u00edtimas das chuvas"},"content":{"rendered":"<p>Moradores da Vila Sahy atingidos pelos estragos das fortes chuvas que ca\u00edram na cidade nas \u00faltimas semanas questionaram a Prefeitura de S\u00e3o Sebasti\u00e3o-SP sobre a destina\u00e7\u00e3o de recursos angariados por Organiza\u00e7\u00f5es N\u00e3o-Governamentais (ONGs). A comunidade alega que nenhum valor arrecadado chegou, at\u00e9 o momento, a quem mais precisa.<\/p>\n<p>\u00c9 importante esclarecer que a Prefeitura de S\u00e3o Sebasti\u00e3o n\u00e3o \u00e9 respons\u00e1vel por a\u00e7\u00f5es sociais encabe\u00e7adas por entidades, associa\u00e7\u00f5es e por pessoas f\u00edsicas ou jur\u00eddicas. At\u00e9 mesmo por n\u00e3o ter ger\u00eancia na atua\u00e7\u00e3o volunt\u00e1ria de terceiros, a municipalidade, desde a data da trag\u00e9dia, tem orientado \u00e0queles que tenham o desejo de colaborar, sobretudo em esp\u00e9cie, que o fa\u00e7am via Fundo Social de Solidariedade de S\u00e3o Sebasti\u00e3o e por meio do Fundo Social de Solidariedade do Estado de S\u00e3o Paulo. A sugest\u00e3o se d\u00e1 na tentativa de proteger os doadores de golpes e para garantir que o dinheiro chegue, de fato, \u00e0s v\u00edtimas das enchentes.<\/p>\n<p>Por outro lado, a Prefeitura, por meio de sua Procuradoria, vem notificando \u00e0queles que receberam doa\u00e7\u00f5es, principalmente em esp\u00e9cie, para prestarem contas. J\u00e1 foram notificados para este fim, por exemplo, o Instituto Verdeescola, o Gerando Falc\u00f5es, e Paulete.<\/p>\n<p>A Procuradoria do Munic\u00edpio continua \u00e0 disposi\u00e7\u00e3o da popula\u00e7\u00e3o para identificar iniciativas de arrecada\u00e7\u00e3o de fundos para desalojados e desabrigados que mere\u00e7am investiga\u00e7\u00e3o. N\u00e3o haver\u00e1 toler\u00e2ncia para qualquer ind\u00edcio de desvio de finalidade e\/ou estelionato.<\/p>\n<p>Durante a investiga\u00e7\u00e3o, se constatadas irregularidades, as mesmas ser\u00e3o denunciadas ao Minist\u00e9rio P\u00fablico (MP). Uma vez comprovada a fraude, os respons\u00e1veis podem responder tamb\u00e9m na esfera criminal.<\/p>\n","protected":false},"excerpt":{"rendered":"<p>Moradores da Vila Sahy atingidos pelos estragos das fortes chuvas que ca\u00edram na cidade nas \u00faltimas semanas questionaram a Prefeitura de S\u00e3o Sebasti\u00e3o-SP sobre a destina\u00e7\u00e3o de recursos angariados por Organiza\u00e7\u00f5es N\u00e3o-Governamentais (ONGs). A comunidade alega que nenhum valor arrecadado chegou, at\u00e9 o momento, a quem mais precisa. \u00c9 importante esclarecer que a Prefeitura de [&hellip;]<\/p>\n","protected":false},"author":1,"featured_media":7264,"comment_status":"open","ping_status":"open","sticky":false,"template":"","format":"standard","meta":{"footnotes":""},"categories":[3],"tags":[],"class_list":{"0":"post-7263","1":"post","2":"type-post","3":"status-publish","4":"format-standard","5":"has-post-thumbnail","7":"category-guarulhos"},"_links":{"self":[{"href":"https:\/\/jm-metropole.com.br\/site\/wp-json\/wp\/v2\/posts\/7263","targetHints":{"allow":["GET"]}}],"collection":[{"href":"https:\/\/jm-metropole.com.br\/site\/wp-json\/wp\/v2\/posts"}],"about":[{"href":"https:\/\/jm-metropole.com.br\/site\/wp-json\/wp\/v2\/types\/post"}],"author":[{"embeddable":true,"href":"https:\/\/jm-metropole.com.br\/site\/wp-json\/wp\/v2\/users\/1"}],"replies":[{"embeddable":true,"href":"https:\/\/jm-metropole.com.br\/site\/wp-json\/wp\/v2\/comments?post=7263"}],"version-history":[{"count":2,"href":"https:\/\/jm-metropole.com.br\/site\/wp-json\/wp\/v2\/posts\/7263\/revisions"}],"predecessor-version":[{"id":7266,"href":"https:\/\/jm-metropole.com.br\/site\/wp-json\/wp\/v2\/posts\/7263\/revisions\/7266"}],"wp:featuredmedia":[{"embeddable":true,"href":"https:\/\/jm-metropole.com.br\/site\/wp-json\/wp\/v2\/media\/7264"}],"wp:attachment":[{"href":"https:\/\/jm-metropole.com.br\/site\/wp-json\/wp\/v2\/media?parent=7263"}],"wp:term":[{"taxonomy":"category","embeddable":true,"href":"https:\/\/jm-metropole.com.br\/site\/wp-json\/wp\/v2\/categories?post=7263"},{"taxonomy":"post_tag","embeddable":true,"href":"https:\/\/jm-metropole.com.br\/site\/wp-json\/wp\/v2\/tags?post=7263"}],"curies":[{"name":"wp","href":"https:\/\/api.w.org\/{rel}","templated":true}]}}