{"id":7257,"date":"2023-03-13T07:55:25","date_gmt":"2023-03-13T10:55:25","guid":{"rendered":"https:\/\/jm-metropole.com.br\/site\/?p=7257"},"modified":"2023-03-13T07:55:25","modified_gmt":"2023-03-13T10:55:25","slug":"prefeitura-de-aruja-entrega-mais-de-160-titulos-de-propriedade-no-limoeiro-e-no-jardim-vitoria","status":"publish","type":"post","link":"https:\/\/jm-metropole.com.br\/site\/prefeitura-de-aruja-entrega-mais-de-160-titulos-de-propriedade-no-limoeiro-e-no-jardim-vitoria\/","title":{"rendered":"PREFEITURA DE ARUJ\u00c1 ENTREGA MAIS DE 160 T\u00cdTULOS DE PROPRIEDADE NO LIMOEIRO E NO JARDIM VIT\u00d3RIA"},"content":{"rendered":"<p>Neste s\u00e1bado (11), a Prefeitura de Aruj\u00e1 entregou 81 t\u00edtulos de propriedade no Limoeiro e 84 no Jardim Vit\u00f3ria, totalizando 165 fam\u00edlias contempladas. Segundo a Secretaria Municipal de Habita\u00e7\u00e3o, com o t\u00edtulo de legitima\u00e7\u00e3o fundi\u00e1ria \u00e9 poss\u00edvel vender, ceder ou alugar o im\u00f3vel legalmente.<\/p>\n<p>Na oportunidade, o prefeito Dr Camargo entregou os documentos a cada um dos moradores e reafirmou a miss\u00e3o da Prefeitura de Aruj\u00e1 que \u00e9 &#8220;Cuidar das Pessoas&#8221;, ressaltando que a administra\u00e7\u00e3o municipal vem concentrando esfor\u00e7os para promover, cada vez mais, a regulariza\u00e7\u00e3o nos bairros. Parceiro da Prefeitura na a\u00e7\u00e3o, o Governo do Estado enviou aos eventos a secret\u00e1ria-executiva do Programa Cidade Legal, Candelaria Garcia, que tamb\u00e9m fez uso da palavra ao lado do secret\u00e1rio adjunto de Habita\u00e7\u00e3o da Prefeitura de Aruj\u00e1, Jo\u00e3o Rom\u00e3o.<\/p>\n<p>Marcaram presen\u00e7a a primeira-dama e presidente do Fundo Social de Solidariedade de Aruj\u00e1, Clau Camargo, o vice-prefeito Betinho, o diretor geral da Prefeitura Marcos Regueiro, a secret\u00e1ria adjunta do Gabinete, Daniela Oshima, o presidente da C\u00e2mara Abelzinho, os vereadores Jo\u00e3o Luiz (que discursou representando o Legislativo nos dois bairros), Luiz Fernando, Uelton Almeida, Divinei da Silva, Jean da Padaria, Pastor Samoel Maia, Vin\u00edcius Pateta. O prefeito tamb\u00e9m citou o nome do vereador Paulinho Maiolino, que n\u00e3o pode estar presente, e agradeceu o apoio do governo estadual e da C\u00e2mara Municipal na quest\u00e3o da regulariza\u00e7\u00e3o fundi\u00e1ria.<\/p>\n<p>Compareceram ainda os secret\u00e1rios municipais de Governo Rog\u00e9rio da Padaria, de Gest\u00e3o P\u00fablica Interna Guilherme Luiz Server, adjunto de Desenvolvimento Econ\u00f4mico Marco Medeiros, o secret\u00e1rio titular da pasta de Esportes F\u00e1bio Andr\u00e9 e seu adjunto Anderson Bolinha, o secret\u00e1rio municipal de Servi\u00e7os Rodolfo Machado e o adjunto de Educa\u00e7\u00e3o Juan Torres, al\u00e9m dos moradores que vieram em peso receber o t\u00edtulo com grande emo\u00e7\u00e3o.<\/p>\n","protected":false},"excerpt":{"rendered":"<p>Neste s\u00e1bado (11), a Prefeitura de Aruj\u00e1 entregou 81 t\u00edtulos de propriedade no Limoeiro e 84 no Jardim Vit\u00f3ria, totalizando 165 fam\u00edlias contempladas. Segundo a Secretaria Municipal de Habita\u00e7\u00e3o, com o t\u00edtulo de legitima\u00e7\u00e3o fundi\u00e1ria \u00e9 poss\u00edvel vender, ceder ou alugar o im\u00f3vel legalmente. Na oportunidade, o prefeito Dr Camargo entregou os documentos a cada [&hellip;]<\/p>\n","protected":false},"author":1,"featured_media":7258,"comment_status":"open","ping_status":"open","sticky":false,"template":"","format":"standard","meta":{"footnotes":""},"categories":[4],"tags":[],"class_list":{"0":"post-7257","1":"post","2":"type-post","3":"status-publish","4":"format-standard","5":"has-post-thumbnail","7":"category-aruja"},"_links":{"self":[{"href":"https:\/\/jm-metropole.com.br\/site\/wp-json\/wp\/v2\/posts\/7257","targetHints":{"allow":["GET"]}}],"collection":[{"href":"https:\/\/jm-metropole.com.br\/site\/wp-json\/wp\/v2\/posts"}],"about":[{"href":"https:\/\/jm-metropole.com.br\/site\/wp-json\/wp\/v2\/types\/post"}],"author":[{"embeddable":true,"href":"https:\/\/jm-metropole.com.br\/site\/wp-json\/wp\/v2\/users\/1"}],"replies":[{"embeddable":true,"href":"https:\/\/jm-metropole.com.br\/site\/wp-json\/wp\/v2\/comments?post=7257"}],"version-history":[{"count":1,"href":"https:\/\/jm-metropole.com.br\/site\/wp-json\/wp\/v2\/posts\/7257\/revisions"}],"predecessor-version":[{"id":7259,"href":"https:\/\/jm-metropole.com.br\/site\/wp-json\/wp\/v2\/posts\/7257\/revisions\/7259"}],"wp:featuredmedia":[{"embeddable":true,"href":"https:\/\/jm-metropole.com.br\/site\/wp-json\/wp\/v2\/media\/7258"}],"wp:attachment":[{"href":"https:\/\/jm-metropole.com.br\/site\/wp-json\/wp\/v2\/media?parent=7257"}],"wp:term":[{"taxonomy":"category","embeddable":true,"href":"https:\/\/jm-metropole.com.br\/site\/wp-json\/wp\/v2\/categories?post=7257"},{"taxonomy":"post_tag","embeddable":true,"href":"https:\/\/jm-metropole.com.br\/site\/wp-json\/wp\/v2\/tags?post=7257"}],"curies":[{"name":"wp","href":"https:\/\/api.w.org\/{rel}","templated":true}]}}