{"id":7238,"date":"2023-03-10T15:24:09","date_gmt":"2023-03-10T18:24:09","guid":{"rendered":"https:\/\/jm-metropole.com.br\/site\/?p=7238"},"modified":"2023-03-10T15:24:09","modified_gmt":"2023-03-10T18:24:09","slug":"gcm-de-aruja-participa-do-4o-forum-regional-des-igualdade-de-genero-desafios-e-perspectivas","status":"publish","type":"post","link":"https:\/\/jm-metropole.com.br\/site\/gcm-de-aruja-participa-do-4o-forum-regional-des-igualdade-de-genero-desafios-e-perspectivas\/","title":{"rendered":"GCM DE ARUJ\u00c1 PARTICIPA DO 4\u00ba F\u00d3RUM REGIONAL (DES) IGUALDADE DE G\u00caNERO: DESAFIOS E PERSPECTIVAS"},"content":{"rendered":"<p>Nesta semana, a Guarda Civil Municipal (GCM) de Aruj\u00e1, vinculada \u00e0 Secretaria Municipal de Seguran\u00e7a, participou do 4\u00ba F\u00f3rum Regional (Des) Igualdade de G\u00eanero: Desafios e Perspectivas, realizado em Atibaia. A Guarda foi representada pela coordenadora da Patrulha Maria da Penha de Aruj\u00e1, GCM Fabiana Nascimento Silva, que palestrou sobre o tema &#8220;Mulheres, acesso \u00e0 justi\u00e7a e cidadania&#8221;.<\/p>\n<p>\u00c9 a Patrulha Maria da Penha de Aruj\u00e1 inspirando e protegendo!<\/p>\n","protected":false},"excerpt":{"rendered":"<p>Nesta semana, a Guarda Civil Municipal (GCM) de Aruj\u00e1, vinculada \u00e0 Secretaria Municipal de Seguran\u00e7a, participou do 4\u00ba F\u00f3rum Regional (Des) Igualdade de G\u00eanero: Desafios e Perspectivas, realizado em Atibaia. A Guarda foi representada pela coordenadora da Patrulha Maria da Penha de Aruj\u00e1, GCM Fabiana Nascimento Silva, que palestrou sobre o tema &#8220;Mulheres, acesso \u00e0 [&hellip;]<\/p>\n","protected":false},"author":1,"featured_media":7239,"comment_status":"open","ping_status":"open","sticky":false,"template":"","format":"standard","meta":{"footnotes":""},"categories":[4],"tags":[],"class_list":{"0":"post-7238","1":"post","2":"type-post","3":"status-publish","4":"format-standard","5":"has-post-thumbnail","7":"category-aruja"},"_links":{"self":[{"href":"https:\/\/jm-metropole.com.br\/site\/wp-json\/wp\/v2\/posts\/7238","targetHints":{"allow":["GET"]}}],"collection":[{"href":"https:\/\/jm-metropole.com.br\/site\/wp-json\/wp\/v2\/posts"}],"about":[{"href":"https:\/\/jm-metropole.com.br\/site\/wp-json\/wp\/v2\/types\/post"}],"author":[{"embeddable":true,"href":"https:\/\/jm-metropole.com.br\/site\/wp-json\/wp\/v2\/users\/1"}],"replies":[{"embeddable":true,"href":"https:\/\/jm-metropole.com.br\/site\/wp-json\/wp\/v2\/comments?post=7238"}],"version-history":[{"count":1,"href":"https:\/\/jm-metropole.com.br\/site\/wp-json\/wp\/v2\/posts\/7238\/revisions"}],"predecessor-version":[{"id":7240,"href":"https:\/\/jm-metropole.com.br\/site\/wp-json\/wp\/v2\/posts\/7238\/revisions\/7240"}],"wp:featuredmedia":[{"embeddable":true,"href":"https:\/\/jm-metropole.com.br\/site\/wp-json\/wp\/v2\/media\/7239"}],"wp:attachment":[{"href":"https:\/\/jm-metropole.com.br\/site\/wp-json\/wp\/v2\/media?parent=7238"}],"wp:term":[{"taxonomy":"category","embeddable":true,"href":"https:\/\/jm-metropole.com.br\/site\/wp-json\/wp\/v2\/categories?post=7238"},{"taxonomy":"post_tag","embeddable":true,"href":"https:\/\/jm-metropole.com.br\/site\/wp-json\/wp\/v2\/tags?post=7238"}],"curies":[{"name":"wp","href":"https:\/\/api.w.org\/{rel}","templated":true}]}}