{"id":7205,"date":"2023-03-10T11:22:56","date_gmt":"2023-03-10T14:22:56","guid":{"rendered":"https:\/\/jm-metropole.com.br\/site\/?p=7205"},"modified":"2023-03-10T11:22:56","modified_gmt":"2023-03-10T14:22:56","slug":"confira-a-programacao-da-1a-mostra-comemorativa-do-dia-do-artesao-que-comeca-neste-fim-de-semana-em-guararema","status":"publish","type":"post","link":"https:\/\/jm-metropole.com.br\/site\/confira-a-programacao-da-1a-mostra-comemorativa-do-dia-do-artesao-que-comeca-neste-fim-de-semana-em-guararema\/","title":{"rendered":"Confira a programa\u00e7\u00e3o da 1\u00aa Mostra Comemorativa do Dia do Artes\u00e3o, que come\u00e7a neste fim de semana em Guararema"},"content":{"rendered":"<p>Entre 11 e 26 de mar\u00e7o a Vila de Lu\u00eds Carlos, em Guararema, ter\u00e1 oficinas gratuitas e tamb\u00e9m uma exposi\u00e7\u00e3o que homenageia os artes\u00e3os locais e conecta o p\u00fablico com a cultura<\/p>\n<p>Come\u00e7a neste s\u00e1bado (11) a 1\u00aa Mostra Comemorativa do Dia do Artes\u00e3o de Guararema. Gratuitamente, at\u00e9 o dia 26 moradores e visitantes poder\u00e3o participar de oficinas em espa\u00e7os diversos na Vila de Lu\u00eds Carlos. S\u00e3o t\u00e9cnicas para confec\u00e7\u00e3o de bijuterias, artefatos em fibras de bananeira, croch\u00ea, reutiliza\u00e7\u00e3o e cartonagem, t\u00e9cnicas em bambu, entalhe e pintura em madeira, patchwork, macram\u00ea, costura, artefatos em tecido, cer\u00e2mica e pintura livre com tinta org\u00e2nica.<\/p>\n<p>As atividades ser\u00e3o realizadas em diferentes pontos da Vila de Lu\u00eds Carlos: o pergolado do P\u00e1tio Jos\u00e9 de Souza, o Espa\u00e7o de Exposi\u00e7\u00f5es \u201cEngenheiro Lu\u00eds Carlos\u201d e a Viela Elias Cecin. E as inscri\u00e7\u00f5es ser\u00e3o realizadas no local das oficinas uma hora antes do in\u00edcio de cada aula, com vagas limitadas.<\/p>\n<p>No s\u00e1bado (11), o p\u00fablico a partir de 10 anos aprender\u00e1 a fazer bijuterias das 14h30 \u00e0s 16 horas, e das 16 horas \u00e0s 17h30 ter\u00e1 acesso a t\u00e9cnicas para a confec\u00e7\u00e3o de abayomis. J\u00e1 no domingo (12), as oficinas s\u00e3o de croch\u00ea das 14h30 \u00e0s 16 horas, e de reutiliza\u00e7\u00e3o e cartonagem, das 16 horas \u00e0s 17h30.<\/p>\n<p>E no pr\u00f3ximo fim de semana tem mais: no s\u00e1bado (18), oficina de artefatos em fibra de bananeira das 14h30 \u00e0s 16 horas e de t\u00e9cnicas em bambu das 16 horas \u00e0s 17h30; no domingo (19), entalhe e pintura em madeira das 14h30 \u00e0s 16 horas e macram\u00ea das 16 horas \u00e0s 17h30.<\/p>\n<p>Mas a agenda n\u00e3o acaba a\u00ed. Tem ainda mais dois dias de oficinas, com t\u00e9cnica de patchwork das 14h30 \u00e0s 16 horas e artefatos em tecido (retalhos) das 16 horas \u00e0s 17h30 do s\u00e1bado (25); e cer\u00e2mica das 14h30 \u00e0s 16 horas e pintura livre em tecido (com tinta org\u00e2nica) das 16 horas \u00e0s 17h30 do domingo (26).<\/p>\n<p>Exposi\u00e7\u00e3o<br \/>\nAl\u00e9m das oficinas, a Prefeitura de Guararema preparou uma exposi\u00e7\u00e3o do artesanato produzido na cidade pelos talentosos artes\u00e3os que transformam a mat\u00e9ria-prima em belas pe\u00e7as criativas. Al\u00e9m de apreciar toda esta arte, o visitante que desejar poder\u00e1 comprar as pe\u00e7as no mesmo local, diretamente do artes\u00e3o. A exposi\u00e7\u00e3o poder\u00e1 ser visitada no Espa\u00e7o de Exposi\u00e7\u00f5es da Vila de Lu\u00eds Carlos, aberto nos dias 11, 12, 18, 19, 25 e 26 de mar\u00e7o, das 10 \u00e0s 18 horas.<\/p>\n<p>Mais informa\u00e7\u00f5es sobre a 1\u00aa Mostra Comemorativa do Dia do Artes\u00e3o est\u00e3o dispon\u00edveis na sede da Secretaria Municipal de Cultura e Turismo, ao n\u00famero 54 da pra\u00e7a Coronel Brasilio Fonseca, ou ent\u00e3o pelo telefone (11) 4695-1793.<\/p>\n","protected":false},"excerpt":{"rendered":"<p>Entre 11 e 26 de mar\u00e7o a Vila de Lu\u00eds Carlos, em Guararema, ter\u00e1 oficinas gratuitas e tamb\u00e9m uma exposi\u00e7\u00e3o que homenageia os artes\u00e3os locais e conecta o p\u00fablico com a cultura Come\u00e7a neste s\u00e1bado (11) a 1\u00aa Mostra Comemorativa do Dia do Artes\u00e3o de Guararema. Gratuitamente, at\u00e9 o dia 26 moradores e visitantes poder\u00e3o [&hellip;]<\/p>\n","protected":false},"author":1,"featured_media":7206,"comment_status":"open","ping_status":"open","sticky":false,"template":"","format":"standard","meta":{"footnotes":""},"categories":[8],"tags":[],"class_list":{"0":"post-7205","1":"post","2":"type-post","3":"status-publish","4":"format-standard","5":"has-post-thumbnail","7":"category-guararema"},"_links":{"self":[{"href":"https:\/\/jm-metropole.com.br\/site\/wp-json\/wp\/v2\/posts\/7205","targetHints":{"allow":["GET"]}}],"collection":[{"href":"https:\/\/jm-metropole.com.br\/site\/wp-json\/wp\/v2\/posts"}],"about":[{"href":"https:\/\/jm-metropole.com.br\/site\/wp-json\/wp\/v2\/types\/post"}],"author":[{"embeddable":true,"href":"https:\/\/jm-metropole.com.br\/site\/wp-json\/wp\/v2\/users\/1"}],"replies":[{"embeddable":true,"href":"https:\/\/jm-metropole.com.br\/site\/wp-json\/wp\/v2\/comments?post=7205"}],"version-history":[{"count":1,"href":"https:\/\/jm-metropole.com.br\/site\/wp-json\/wp\/v2\/posts\/7205\/revisions"}],"predecessor-version":[{"id":7207,"href":"https:\/\/jm-metropole.com.br\/site\/wp-json\/wp\/v2\/posts\/7205\/revisions\/7207"}],"wp:featuredmedia":[{"embeddable":true,"href":"https:\/\/jm-metropole.com.br\/site\/wp-json\/wp\/v2\/media\/7206"}],"wp:attachment":[{"href":"https:\/\/jm-metropole.com.br\/site\/wp-json\/wp\/v2\/media?parent=7205"}],"wp:term":[{"taxonomy":"category","embeddable":true,"href":"https:\/\/jm-metropole.com.br\/site\/wp-json\/wp\/v2\/categories?post=7205"},{"taxonomy":"post_tag","embeddable":true,"href":"https:\/\/jm-metropole.com.br\/site\/wp-json\/wp\/v2\/tags?post=7205"}],"curies":[{"name":"wp","href":"https:\/\/api.w.org\/{rel}","templated":true}]}}