{"id":7198,"date":"2023-03-10T10:52:05","date_gmt":"2023-03-10T13:52:05","guid":{"rendered":"https:\/\/jm-metropole.com.br\/site\/?p=7198"},"modified":"2023-03-10T10:52:38","modified_gmt":"2023-03-10T13:52:38","slug":"governo-amplia-para-180-dias-licenca-maternidade-das-servidoras-temporarias-do-estado","status":"publish","type":"post","link":"https:\/\/jm-metropole.com.br\/site\/governo-amplia-para-180-dias-licenca-maternidade-das-servidoras-temporarias-do-estado\/","title":{"rendered":"Governo amplia para 180 dias licen\u00e7a-maternidade das servidoras tempor\u00e1rias do Estado"},"content":{"rendered":"<header class=\"article-header\">\n<p class=\"excerpt\">Per\u00edodo de afastamento para cuidados aos rec\u00e9m-nascidos foi ampliado em 60 dias<\/p>\n<\/header>\n<article class=\"article-main\">O governador\u00a0<a href=\"https:\/\/www.saopaulo.sp.gov.br\/orgaos-e-entidades\/orgaos-e-entidades\/governador\/\">Tarc\u00edsio de Freitas<\/a>\u00a0ampliou, administrativamente, o per\u00edodo de licen\u00e7a-maternidade das servidoras tempor\u00e1rias do Governo de S\u00e3o Paulo contratadas pela Lei estadual n\u00ba 1.093\/2009. Agora, elas ter\u00e3o 180 dias de afastamento para cuidar dos rec\u00e9m-nascidos \u2013 antes, eram 120 dias.A medida atende proposta apresentada pela Procuradoria Geral do Estado e atualiza o Estatuto dos Funcion\u00e1rios Civis do Estado (Lei n. 10.261\/1968). A medida entra em vigor a partir da publica\u00e7\u00e3o em Di\u00e1rio Oficial do Estado (DOE), que ocorreu nesta sexta-feira (10).<\/p>\n<p>\u201c\u00c9 prioridade fortalecermos as pol\u00edticas p\u00fablicas de prote\u00e7\u00e3o \u00e0s mulheres, com a\u00e7\u00f5es que ampliem seus direitos e tragam bem-estar a elas e seus filhos\u201d, destaca o governador Tarc\u00edsio de Freitas.<\/p>\n<p>Pela primeira vez em sua hist\u00f3ria, o estado de S\u00e3o Paulo tem uma secretaria voltada exclusivamente aos interesses da mulher. A Secretaria de Pol\u00edticas para a Mulher atua desde o in\u00edcio do ano na articula\u00e7\u00e3o de pol\u00edticas p\u00fablicas para o combate \u00e0 viol\u00eancia, a promo\u00e7\u00e3o da sa\u00fade e, principalmente, o est\u00edmulo ao empreendedorismo feminino nas mais diversas \u00e1reas. A pasta trabalha de forma transversal com outras secretarias estaduais.<\/p>\n<p>A procuradora geral do Estado, In\u00eas Coimbra, ressaltou a import\u00e2ncia da decis\u00e3o. \u201cA Procuradoria Geral do Estado prop\u00f4s essa altera\u00e7\u00e3o como medida de equidade no tratamento da licen\u00e7a maternidade para todas as servidoras estaduais e em reconhecimento \u00e0 import\u00e2ncia do la\u00e7o maternal nos primeiros seis meses de vida das crian\u00e7as\u201d, explicou.<\/p>\n<p>*Com informa\u00e7\u00f5es do Portal do Governo do Estado de S\u00e3o Paulo<\/p>\n<\/article>\n","protected":false},"excerpt":{"rendered":"<p>Per\u00edodo de afastamento para cuidados aos rec\u00e9m-nascidos foi ampliado em 60 dias O governador\u00a0Tarc\u00edsio de Freitas\u00a0ampliou, administrativamente, o per\u00edodo de licen\u00e7a-maternidade das servidoras tempor\u00e1rias do Governo de S\u00e3o Paulo contratadas pela Lei estadual n\u00ba 1.093\/2009. Agora, elas ter\u00e3o 180 dias de afastamento para cuidar dos rec\u00e9m-nascidos \u2013 antes, eram 120 dias.A medida atende proposta apresentada [&hellip;]<\/p>\n","protected":false},"author":1,"featured_media":7199,"comment_status":"open","ping_status":"open","sticky":false,"template":"","format":"standard","meta":{"footnotes":""},"categories":[48],"tags":[],"class_list":{"0":"post-7198","1":"post","2":"type-post","3":"status-publish","4":"format-standard","5":"has-post-thumbnail","7":"category-geral"},"_links":{"self":[{"href":"https:\/\/jm-metropole.com.br\/site\/wp-json\/wp\/v2\/posts\/7198","targetHints":{"allow":["GET"]}}],"collection":[{"href":"https:\/\/jm-metropole.com.br\/site\/wp-json\/wp\/v2\/posts"}],"about":[{"href":"https:\/\/jm-metropole.com.br\/site\/wp-json\/wp\/v2\/types\/post"}],"author":[{"embeddable":true,"href":"https:\/\/jm-metropole.com.br\/site\/wp-json\/wp\/v2\/users\/1"}],"replies":[{"embeddable":true,"href":"https:\/\/jm-metropole.com.br\/site\/wp-json\/wp\/v2\/comments?post=7198"}],"version-history":[{"count":2,"href":"https:\/\/jm-metropole.com.br\/site\/wp-json\/wp\/v2\/posts\/7198\/revisions"}],"predecessor-version":[{"id":7201,"href":"https:\/\/jm-metropole.com.br\/site\/wp-json\/wp\/v2\/posts\/7198\/revisions\/7201"}],"wp:featuredmedia":[{"embeddable":true,"href":"https:\/\/jm-metropole.com.br\/site\/wp-json\/wp\/v2\/media\/7199"}],"wp:attachment":[{"href":"https:\/\/jm-metropole.com.br\/site\/wp-json\/wp\/v2\/media?parent=7198"}],"wp:term":[{"taxonomy":"category","embeddable":true,"href":"https:\/\/jm-metropole.com.br\/site\/wp-json\/wp\/v2\/categories?post=7198"},{"taxonomy":"post_tag","embeddable":true,"href":"https:\/\/jm-metropole.com.br\/site\/wp-json\/wp\/v2\/tags?post=7198"}],"curies":[{"name":"wp","href":"https:\/\/api.w.org\/{rel}","templated":true}]}}