{"id":7194,"date":"2023-03-10T10:29:51","date_gmt":"2023-03-10T13:29:51","guid":{"rendered":"https:\/\/jm-metropole.com.br\/site\/?p=7194"},"modified":"2023-03-10T10:32:07","modified_gmt":"2023-03-10T13:32:07","slug":"reivindicacoes-por-tolerancia-e-igualdade-marcam-sessao-solene-de-8-de-marco","status":"publish","type":"post","link":"https:\/\/jm-metropole.com.br\/site\/reivindicacoes-por-tolerancia-e-igualdade-marcam-sessao-solene-de-8-de-marco\/","title":{"rendered":"Reivindica\u00e7\u00f5es por toler\u00e2ncia e igualdade marcam sess\u00e3o solene de 8 de mar\u00e7o"},"content":{"rendered":"<div class=\"row\">\n<div class=\"col-sm-12 col-md-12 col-lg-12 col-xs-12\">\n<p class=\"title-not\">\n<\/div>\n<\/div>\n<div class=\"row\">\n<div class=\"col-sm-12 col-md-12 col-lg-12 col-xs-12\">\n<p>Celebra\u00e7\u00e3o foi organizada pela Procuradoria da Mulher<\/p>\n<\/div>\n<\/div>\n<div class=\"row\">\n<div class=\"col-sm-12 col-md-12 col-lg-12 col-xs-12\">\n<div class=\"col-sm-12 col-md-7 col-lg-7 col-xs-12\">\n<p>A celebra\u00e7\u00e3o do 8 de mar\u00e7o \u2013 Dia Internacional da Mulher \u2013 na C\u00e2mara de Aruj\u00e1 foi marcada por manifesta\u00e7\u00f5es em favor da igualdade, toler\u00e2ncia e respeito \u00e0 diversidade.<\/p>\n<p>Uma das convidadas da noite foi a primeira vereadora transexual eleita no munic\u00edpio, a presidente da C\u00e2mara Municipal de Sales\u00f3polis, Rebeca Barbosa Marcondes (PDT), autora das falas mais contundentes do evento.<\/p>\n<p>Rebeca narrou ao p\u00fablico que lotava as depend\u00eancias do Plen\u00e1rio Vereador Jo\u00e3o Godoy as agress\u00f5es f\u00edsicas, verbais e psicol\u00f3gicas que sofreu ao longo da vida devido a sua orienta\u00e7\u00e3o sexual. Em seu discurso, chamou seus colegas parlamentares \u00e0 responsabilidade: \u201cTemos de estar aqui para defender a vida social e moral das pessoas\u201d, conclamou.<\/p>\n<p>A presidente legislativa de Sales\u00f3polis disse ser uma exce\u00e7\u00e3o \u201cdiante da trajet\u00f3ria dif\u00edcil e triste das mulheres transexuais no Brasil\u201d. O Pa\u00eds \u00e9 l\u00edder no ranking de assassinatos de mulheres trans. Somente em 2022 foram registrados 131 homic\u00eddios e 20 suic\u00eddios.<\/p>\n<p>\u201cQuando uma mulher trans n\u00e3o est\u00e1 trabalhando no sal\u00e3o de cabeleireiro, est\u00e1 nas ruas. E n\u00e3o \u00e9 por falta de dignidade, car\u00e1ter ou integridade, pois essas mulheres t\u00eam mais integridade do que muitos de colarinho branco. O que falta \u00e9 oportunidade\u201d, pontuou.<\/p>\n<p>A presidente do Fundo Social de Solidariedade, Clau Camargo, falou em seguida e reconheceu a pot\u00eancia do discurso da parlamentar. \u201cDif\u00edcil falar depois da Rebeca, mas tamb\u00e9m me considero uma vencedora\u201d, destacou ao contar sobre suas dificuldades ao vir de Minas Gerais para S\u00e3o Paul0 com apenas 17 anos.<\/p>\n<p>Advogada, Clau Camargo disse que o trabalho no Fundo Social \u00e9 \u201cuma de suas maiores atribui\u00e7\u00f5es\u201d. \u201cO nosso objetivo \u00e9 dar oportunidade \u00e0s mulheres. J\u00e1 formamos mais de 1.500 alunos e 90% deles s\u00e3o mulheres\u201d.<\/p>\n<p>A Sess\u00e3o Solene foi conduzida pela vereadora Prof\u00aa Cris do Barreto (PSD), \u00fanica representante feminina na Casa. Ela \u00e9 atual Procuradora Especial da Mulher e abriu a atividade destacando a cria\u00e7\u00e3o da Procuradoria e da rede de apoio \u00e0s mulheres de Aruj\u00e1. \u201cO lugar das mulheres \u00e9 onde ela gosta e onde ela quer estar\u201d, afirmou, ressaltando a import\u00e2ncia da uni\u00e3o. \u201cPrecisamos fortalecer uma \u00e0s outras, pois uma mulher empoderada, empodera outras tamb\u00e9m\u201d.<\/p>\n<p><strong>Palestra<\/strong><\/p>\n<p>Convidada especial da noite, a jornalista Michelle Barros explanou sobre o empoderamento feminino, destacando a influ\u00eancia do processo hist\u00f3rico no comportamento da sociedade e at\u00e9 das pr\u00f3prias mulheres. \u201cPor que falamos em igualdade? Porque existe uma cultura introjetada que nos induz a uma postura patriarcal\u201d.<\/p>\n<p>Michelle trouxe dados sobre a viol\u00eancia dom\u00e9stica, a dificuldade salarial entre homens e mulheres e, especialmente, entre esses grupos e as mulheres negras.<\/p>\n<p>\u00danico homem a se pronunciar, Abelzinho (PL) cumprimentou e agradeceu a todas as convidadas e ao p\u00fablico e lembrou da trajet\u00f3ria de sua m\u00e3e, que tamb\u00e9m foi presidente do Fundo Social e uma das primeiras professoras da cidade \u2013 \u201c\u00e9 minha maior inspira\u00e7\u00e3o\u201d, admitiu ao afirmar que \u201cA miss\u00e3o da C\u00e2mara \u00e9 olhar para o pr\u00f3ximo com os olhos de Jesus\u201d.<\/p>\n<p>Tamb\u00e9m estiverem presentes ao evento os vereadores de Aruj\u00e1 \u2013 Divinei (PL), Renan de Aruj\u00e1 (PODE), Jo\u00e3o Luiz (PSD) e Luiz Fernando (PSDB) e de Sales\u00f3polis \u2013 Louren\u00e7o Francisco de Oliveira Junior (PDT), Walace Braga Quirino (PSDB) e Marco Aur\u00e9lio Ventura (Avante).<\/p>\n<p>Ainda foi registrada a presen\u00e7a de conselheiras municipais, servidores p\u00fablicos e lideran\u00e7as comunit\u00e1rias.<\/p>\n<p>A \u00edntegra da Sess\u00e3o Solene est\u00e1 dispon\u00edvel no canal oficial da C\u00e2mara no YouTube.<\/p>\n<\/div>\n<\/div>\n<\/div>\n","protected":false},"excerpt":{"rendered":"<p>Celebra\u00e7\u00e3o foi organizada pela Procuradoria da Mulher A celebra\u00e7\u00e3o do 8 de mar\u00e7o \u2013 Dia Internacional da Mulher \u2013 na C\u00e2mara de Aruj\u00e1 foi marcada por manifesta\u00e7\u00f5es em favor da igualdade, toler\u00e2ncia e respeito \u00e0 diversidade. Uma das convidadas da noite foi a primeira vereadora transexual eleita no munic\u00edpio, a presidente da C\u00e2mara Municipal de [&hellip;]<\/p>\n","protected":false},"author":1,"featured_media":7195,"comment_status":"open","ping_status":"open","sticky":false,"template":"","format":"standard","meta":{"footnotes":""},"categories":[1],"tags":[],"class_list":{"0":"post-7194","1":"post","2":"type-post","3":"status-publish","4":"format-standard","5":"has-post-thumbnail","7":"category-tudo"},"_links":{"self":[{"href":"https:\/\/jm-metropole.com.br\/site\/wp-json\/wp\/v2\/posts\/7194","targetHints":{"allow":["GET"]}}],"collection":[{"href":"https:\/\/jm-metropole.com.br\/site\/wp-json\/wp\/v2\/posts"}],"about":[{"href":"https:\/\/jm-metropole.com.br\/site\/wp-json\/wp\/v2\/types\/post"}],"author":[{"embeddable":true,"href":"https:\/\/jm-metropole.com.br\/site\/wp-json\/wp\/v2\/users\/1"}],"replies":[{"embeddable":true,"href":"https:\/\/jm-metropole.com.br\/site\/wp-json\/wp\/v2\/comments?post=7194"}],"version-history":[{"count":2,"href":"https:\/\/jm-metropole.com.br\/site\/wp-json\/wp\/v2\/posts\/7194\/revisions"}],"predecessor-version":[{"id":7197,"href":"https:\/\/jm-metropole.com.br\/site\/wp-json\/wp\/v2\/posts\/7194\/revisions\/7197"}],"wp:featuredmedia":[{"embeddable":true,"href":"https:\/\/jm-metropole.com.br\/site\/wp-json\/wp\/v2\/media\/7195"}],"wp:attachment":[{"href":"https:\/\/jm-metropole.com.br\/site\/wp-json\/wp\/v2\/media?parent=7194"}],"wp:term":[{"taxonomy":"category","embeddable":true,"href":"https:\/\/jm-metropole.com.br\/site\/wp-json\/wp\/v2\/categories?post=7194"},{"taxonomy":"post_tag","embeddable":true,"href":"https:\/\/jm-metropole.com.br\/site\/wp-json\/wp\/v2\/tags?post=7194"}],"curies":[{"name":"wp","href":"https:\/\/api.w.org\/{rel}","templated":true}]}}