{"id":7191,"date":"2023-03-10T10:21:28","date_gmt":"2023-03-10T13:21:28","guid":{"rendered":"https:\/\/jm-metropole.com.br\/site\/?p=7191"},"modified":"2023-03-10T10:21:28","modified_gmt":"2023-03-10T13:21:28","slug":"itaqua-anuncia-ampliacao-do-sistema-de-transporte-publico-com-nova-linha-de-onibus","status":"publish","type":"post","link":"https:\/\/jm-metropole.com.br\/site\/itaqua-anuncia-ampliacao-do-sistema-de-transporte-publico-com-nova-linha-de-onibus\/","title":{"rendered":"Itaqu\u00e1 anuncia amplia\u00e7\u00e3o do sistema de transporte p\u00fablico com nova linha de \u00f4nibus"},"content":{"rendered":"<p>Linha 31-TR ligar\u00e1 o Jardim Fortuna \u00e0 esta\u00e7\u00e3o Itaquaquecetuba e vai atender em m\u00e9dia 50 mil passageiros por m\u00eas<\/p>\n<p>A Prefeitura de Itaquaquecetuba vai ampliar, a partir da pr\u00f3xima segunda-feira (13), o sistema de transporte p\u00fablico com a nova linha de \u00f4nibus 31-TR, que ligar\u00e1 o Jardim Fortuna \u00e0 esta\u00e7\u00e3o Itaquaquecetuba da Companhia Paulista de Trens Metropolitanos (CPTM). A expectativa \u00e9 atender cerca de 50 mil passageiros por m\u00eas. A amplia\u00e7\u00e3o segue o previsto no contrato entre a prefeitura e a empresa respons\u00e1vel pela administra\u00e7\u00e3o do transporte p\u00fablico na cidade.<\/p>\n<p>&#8220;Estamos trabalhando para recuperar o tempo perdido de gest\u00f5es anteriores e levando dignidade para quem mais precisa. Essa nova linha vai atender in\u00fameras fam\u00edlias, pessoas que precisam de conforto e seguran\u00e7a para irem ao trabalho, estudar e se deslocarem com qualidade&#8221;, disse o prefeito Eduardo Boigues.<\/p>\n<p>A linha ter\u00e1 seu trajeto iniciado na rua Foz do Igua\u00e7u (pr\u00f3ximo ao cemit\u00e9rio Morada da Paz), seguindo pelas principais vias da cidade como as estradas do Mandi, Campo Limpo, Governador M\u00e1rio Covas J\u00fanior, al\u00e9m da rodovia Alberto Hinoto e avenida \u00cdtalo Adami at\u00e9 seu ponto final, na avenida Uberaba (pr\u00f3ximo \u00e0 Guarda Civil Municipal e a Univeritas).<\/p>\n<p>&#8220;De in\u00edcio, colocamos tr\u00eas novos ve\u00edculos \u00e0 disposi\u00e7\u00e3o para essa linha, mas se percebermos a necessidade, esse n\u00famero pode ser ampliado. Nosso maior objetivo \u00e9 garantir uma viagem mais agrad\u00e1vel e com a dignidade que a popula\u00e7\u00e3o merece&#8221;, declarou o secret\u00e1rio de Transportes, Rosinaldo Castro.<\/p>\n<p>Foto: Dayane Oliveira<\/p>\n","protected":false},"excerpt":{"rendered":"<p>Linha 31-TR ligar\u00e1 o Jardim Fortuna \u00e0 esta\u00e7\u00e3o Itaquaquecetuba e vai atender em m\u00e9dia 50 mil passageiros por m\u00eas A Prefeitura de Itaquaquecetuba vai ampliar, a partir da pr\u00f3xima segunda-feira (13), o sistema de transporte p\u00fablico com a nova linha de \u00f4nibus 31-TR, que ligar\u00e1 o Jardim Fortuna \u00e0 esta\u00e7\u00e3o Itaquaquecetuba da Companhia Paulista de [&hellip;]<\/p>\n","protected":false},"author":1,"featured_media":7192,"comment_status":"open","ping_status":"open","sticky":false,"template":"","format":"standard","meta":{"footnotes":""},"categories":[6],"tags":[],"class_list":{"0":"post-7191","1":"post","2":"type-post","3":"status-publish","4":"format-standard","5":"has-post-thumbnail","7":"category-itaqua"},"_links":{"self":[{"href":"https:\/\/jm-metropole.com.br\/site\/wp-json\/wp\/v2\/posts\/7191","targetHints":{"allow":["GET"]}}],"collection":[{"href":"https:\/\/jm-metropole.com.br\/site\/wp-json\/wp\/v2\/posts"}],"about":[{"href":"https:\/\/jm-metropole.com.br\/site\/wp-json\/wp\/v2\/types\/post"}],"author":[{"embeddable":true,"href":"https:\/\/jm-metropole.com.br\/site\/wp-json\/wp\/v2\/users\/1"}],"replies":[{"embeddable":true,"href":"https:\/\/jm-metropole.com.br\/site\/wp-json\/wp\/v2\/comments?post=7191"}],"version-history":[{"count":1,"href":"https:\/\/jm-metropole.com.br\/site\/wp-json\/wp\/v2\/posts\/7191\/revisions"}],"predecessor-version":[{"id":7193,"href":"https:\/\/jm-metropole.com.br\/site\/wp-json\/wp\/v2\/posts\/7191\/revisions\/7193"}],"wp:featuredmedia":[{"embeddable":true,"href":"https:\/\/jm-metropole.com.br\/site\/wp-json\/wp\/v2\/media\/7192"}],"wp:attachment":[{"href":"https:\/\/jm-metropole.com.br\/site\/wp-json\/wp\/v2\/media?parent=7191"}],"wp:term":[{"taxonomy":"category","embeddable":true,"href":"https:\/\/jm-metropole.com.br\/site\/wp-json\/wp\/v2\/categories?post=7191"},{"taxonomy":"post_tag","embeddable":true,"href":"https:\/\/jm-metropole.com.br\/site\/wp-json\/wp\/v2\/tags?post=7191"}],"curies":[{"name":"wp","href":"https:\/\/api.w.org\/{rel}","templated":true}]}}