{"id":7188,"date":"2023-03-10T10:20:06","date_gmt":"2023-03-10T13:20:06","guid":{"rendered":"https:\/\/jm-metropole.com.br\/site\/?p=7188"},"modified":"2023-03-10T10:20:06","modified_gmt":"2023-03-10T13:20:06","slug":"vandalos-incendeiam-fachada-da-secretaria-de-educacao-de-santa-isabel","status":"publish","type":"post","link":"https:\/\/jm-metropole.com.br\/site\/vandalos-incendeiam-fachada-da-secretaria-de-educacao-de-santa-isabel\/","title":{"rendered":"V\u00c2NDALOS INCENDEIAM FACHADA DA SECRETARIA DE EDUCA\u00c7\u00c3O DE SANTA ISABEL"},"content":{"rendered":"<p>Na madrugada desta sexta-feira (10\/03), v\u00e2ndalos atearam fogo a fachada da Secretaria de Educa\u00e7\u00e3o de Santa Isabel, localizada na Pra\u00e7a Fernando Lopes.<\/p>\n<p>O crime ocorreu por volta das 02h30 da manh\u00e3 e as c\u00e2meras de seguran\u00e7a registraram toda a a\u00e7\u00e3o.<\/p>\n<p>A Pol\u00edcia Militar est\u00e1 no local e um boletim de ocorr\u00eancia ser\u00e1 registrado na Delegacia de Santa Isabel.<\/p>\n<p>A Prefeitura de Santa Isabel est\u00e1 contabilizando os preju\u00edzos decorrentes do inc\u00eandio e afirma que segue trabalhando firme para que atos como esse cessem, e o patrim\u00f4nio p\u00fablico seja preservado.<\/p>\n","protected":false},"excerpt":{"rendered":"<p>Na madrugada desta sexta-feira (10\/03), v\u00e2ndalos atearam fogo a fachada da Secretaria de Educa\u00e7\u00e3o de Santa Isabel, localizada na Pra\u00e7a Fernando Lopes. O crime ocorreu por volta das 02h30 da manh\u00e3 e as c\u00e2meras de seguran\u00e7a registraram toda a a\u00e7\u00e3o. A Pol\u00edcia Militar est\u00e1 no local e um boletim de ocorr\u00eancia ser\u00e1 registrado na Delegacia [&hellip;]<\/p>\n","protected":false},"author":1,"featured_media":7189,"comment_status":"open","ping_status":"open","sticky":false,"template":"","format":"standard","meta":{"footnotes":""},"categories":[5],"tags":[],"class_list":{"0":"post-7188","1":"post","2":"type-post","3":"status-publish","4":"format-standard","5":"has-post-thumbnail","7":"category-santa-isabel"},"_links":{"self":[{"href":"https:\/\/jm-metropole.com.br\/site\/wp-json\/wp\/v2\/posts\/7188","targetHints":{"allow":["GET"]}}],"collection":[{"href":"https:\/\/jm-metropole.com.br\/site\/wp-json\/wp\/v2\/posts"}],"about":[{"href":"https:\/\/jm-metropole.com.br\/site\/wp-json\/wp\/v2\/types\/post"}],"author":[{"embeddable":true,"href":"https:\/\/jm-metropole.com.br\/site\/wp-json\/wp\/v2\/users\/1"}],"replies":[{"embeddable":true,"href":"https:\/\/jm-metropole.com.br\/site\/wp-json\/wp\/v2\/comments?post=7188"}],"version-history":[{"count":1,"href":"https:\/\/jm-metropole.com.br\/site\/wp-json\/wp\/v2\/posts\/7188\/revisions"}],"predecessor-version":[{"id":7190,"href":"https:\/\/jm-metropole.com.br\/site\/wp-json\/wp\/v2\/posts\/7188\/revisions\/7190"}],"wp:featuredmedia":[{"embeddable":true,"href":"https:\/\/jm-metropole.com.br\/site\/wp-json\/wp\/v2\/media\/7189"}],"wp:attachment":[{"href":"https:\/\/jm-metropole.com.br\/site\/wp-json\/wp\/v2\/media?parent=7188"}],"wp:term":[{"taxonomy":"category","embeddable":true,"href":"https:\/\/jm-metropole.com.br\/site\/wp-json\/wp\/v2\/categories?post=7188"},{"taxonomy":"post_tag","embeddable":true,"href":"https:\/\/jm-metropole.com.br\/site\/wp-json\/wp\/v2\/tags?post=7188"}],"curies":[{"name":"wp","href":"https:\/\/api.w.org\/{rel}","templated":true}]}}