{"id":7145,"date":"2023-03-09T18:19:58","date_gmt":"2023-03-09T21:19:58","guid":{"rendered":"https:\/\/jm-metropole.com.br\/site\/?p=7145"},"modified":"2023-03-09T18:19:58","modified_gmt":"2023-03-09T21:19:58","slug":"mutirao-do-cadunico-no-ceu-continental-ii-inicia-distribuicao-de-senhas-na-sexta-feira","status":"publish","type":"post","link":"https:\/\/jm-metropole.com.br\/site\/mutirao-do-cadunico-no-ceu-continental-ii-inicia-distribuicao-de-senhas-na-sexta-feira\/","title":{"rendered":"Mutir\u00e3o do Cad\u00danico no CEU Continental II inicia distribui\u00e7\u00e3o de senhas na\u00a0sexta-feira"},"content":{"rendered":"<p>O CEU Continental II (Rua Alzimar Vargas Batista, 284 \u2013 Parque Continental) vai ser o palco do segundo mutir\u00e3o do Cad\u00danico do ano no pr\u00f3ximo dia 25 (s\u00e1bado). Para participar, os interessados dever\u00e3o\u00a0ter\u00a0a senha obrigat\u00f3ria que come\u00e7ar\u00e1 a ser distribu\u00edda a partir desta\u00a0sexta-feira (10) no CRAS S\u00edtio dos Morros (Rua Samuel Lib\u00f3rio de \u00c1vila, 476 \u2013 Jardim Adriana) e na Central do Cad\u00danico (Avenida Bom Clima, 425 \u2013 Jardim Bom Clima).<br \/>\nPara quem n\u00e3o conseguir pegar uma senha nesses locais, ela tamb\u00e9m ser\u00e1 distribu\u00edda no pr\u00f3prio CEU Continental no pr\u00f3ximo dia 17 (sexta-feira), das 10h \u00e0s 11h30.<\/p>\n<p>O mutir\u00e3o do Cadastro \u00danico \u00e9 organizado pela Secretaria de Desenvolvimento e Assist\u00eancia Social e ser\u00e1 uma oportunidade para os moradores da regi\u00e3o que est\u00e3o com seus cadastros desatualizados colocarem as informa\u00e7\u00f5es em dia.<\/p>\n<p>O Cadastro \u00danico \u00e9 a porta de entrada para os benef\u00edcios sociais pagos pelos governos federal, estadual e municipal. S\u00e3o exemplos de benef\u00edcios sociais acessados pelo cadastro o Bolsa-Fam\u00edlia, a Tarifa Social de Energia El\u00e9trica, a Carteira do Idoso, o Viva-Leite, ID Jovem, entre outros. Para receb\u00ea-los \u00e9 essencial que o cadastro esteja com os dados cadastrais atualizados nos \u00faltimos 2 anos.<\/p>\n<p>Para mais informa\u00e7\u00f5es sobre o evento entre em contato atrav\u00e9s dos telefones 2087-4270 ou 2408-7020 ou pelo whatsapp\u00a0(11) 99508-5210.<\/p>\n<p>Imagem: F\u00e1bio Nunes Teixeira<\/p>\n","protected":false},"excerpt":{"rendered":"<p>O CEU Continental II (Rua Alzimar Vargas Batista, 284 \u2013 Parque Continental) vai ser o palco do segundo mutir\u00e3o do Cad\u00danico do ano no pr\u00f3ximo dia 25 (s\u00e1bado). Para participar, os interessados dever\u00e3o\u00a0ter\u00a0a senha obrigat\u00f3ria que come\u00e7ar\u00e1 a ser distribu\u00edda a partir desta\u00a0sexta-feira (10) no CRAS S\u00edtio dos Morros (Rua Samuel Lib\u00f3rio de \u00c1vila, 476 [&hellip;]<\/p>\n","protected":false},"author":1,"featured_media":7146,"comment_status":"open","ping_status":"open","sticky":false,"template":"","format":"standard","meta":{"footnotes":""},"categories":[3],"tags":[],"class_list":{"0":"post-7145","1":"post","2":"type-post","3":"status-publish","4":"format-standard","5":"has-post-thumbnail","7":"category-guarulhos"},"_links":{"self":[{"href":"https:\/\/jm-metropole.com.br\/site\/wp-json\/wp\/v2\/posts\/7145","targetHints":{"allow":["GET"]}}],"collection":[{"href":"https:\/\/jm-metropole.com.br\/site\/wp-json\/wp\/v2\/posts"}],"about":[{"href":"https:\/\/jm-metropole.com.br\/site\/wp-json\/wp\/v2\/types\/post"}],"author":[{"embeddable":true,"href":"https:\/\/jm-metropole.com.br\/site\/wp-json\/wp\/v2\/users\/1"}],"replies":[{"embeddable":true,"href":"https:\/\/jm-metropole.com.br\/site\/wp-json\/wp\/v2\/comments?post=7145"}],"version-history":[{"count":1,"href":"https:\/\/jm-metropole.com.br\/site\/wp-json\/wp\/v2\/posts\/7145\/revisions"}],"predecessor-version":[{"id":7147,"href":"https:\/\/jm-metropole.com.br\/site\/wp-json\/wp\/v2\/posts\/7145\/revisions\/7147"}],"wp:featuredmedia":[{"embeddable":true,"href":"https:\/\/jm-metropole.com.br\/site\/wp-json\/wp\/v2\/media\/7146"}],"wp:attachment":[{"href":"https:\/\/jm-metropole.com.br\/site\/wp-json\/wp\/v2\/media?parent=7145"}],"wp:term":[{"taxonomy":"category","embeddable":true,"href":"https:\/\/jm-metropole.com.br\/site\/wp-json\/wp\/v2\/categories?post=7145"},{"taxonomy":"post_tag","embeddable":true,"href":"https:\/\/jm-metropole.com.br\/site\/wp-json\/wp\/v2\/tags?post=7145"}],"curies":[{"name":"wp","href":"https:\/\/api.w.org\/{rel}","templated":true}]}}