{"id":7129,"date":"2023-03-09T15:27:17","date_gmt":"2023-03-09T18:27:17","guid":{"rendered":"https:\/\/jm-metropole.com.br\/site\/?p=7129"},"modified":"2023-03-09T15:27:17","modified_gmt":"2023-03-09T18:27:17","slug":"fundo-social-de-solidariedade-participa-de-sessao-solene-na-camara-municipal-de-aruja","status":"publish","type":"post","link":"https:\/\/jm-metropole.com.br\/site\/fundo-social-de-solidariedade-participa-de-sessao-solene-na-camara-municipal-de-aruja\/","title":{"rendered":"FUNDO SOCIAL DE SOLIDARIEDADE PARTICIPA DE SESS\u00c3O SOLENE NA C\u00c2MARA MUNICIPAL DE ARUJ\u00c1"},"content":{"rendered":"<p>O Fundo Social de Solidariedade, representado pela sua presidente Clau Camargo, participou na C\u00e2mara Municipal de Aruj\u00e1, na noite desta quarta-feira (8), de uma sess\u00e3o solene em homenagem ao Dia Internacional da Mulher. A solenidade contou com a presen\u00e7a de mulheres que fazem n\u00e3o s\u00f3 a m\u00e1quina p\u00fablica funcionar, mas a sociedade como um todo. Al\u00e9m disso, o evento organizado pela Procuradoria Especial da Mulher da C\u00e2mara, teve palestra da jornalista e apresentadora Michelle Barros e palavras da primeira-dama de Aruj\u00e1, Clau Camargo, da vereadora e procuradora da Mulher no Legislativo, Cris do Barreto, do presidente da C\u00e2mara, Abelzinho, e da vereadora e presidente da C\u00e2mara de Sales\u00f3polis, Rebecca Barbosa.<\/p>\n<p>Na oportunidade, Clau Camargo ressaltou a import\u00e2ncia da mulher na sociedade e o papel do Fundo Social em auxiliar a emancipa\u00e7\u00e3o feminina.<\/p>\n<p>Estiveram presentes ainda ao evento a GCM Fabi da Patrulha Maria da Penha e a GCM, os vereadores Divinei da Silva, Luiz Fernando e Renan de Aruj\u00e1, al\u00e9m do secret\u00e1rio municipal de Turismo, Renan Lucena, e representantes das Secretarias Municipais de Assist\u00eancia Social, de Desenvolvimento Econ\u00f4mico e do Conselho Municipal da Mulher, al\u00e9m das mulheres arujaenses.<\/p>\n","protected":false},"excerpt":{"rendered":"<p>O Fundo Social de Solidariedade, representado pela sua presidente Clau Camargo, participou na C\u00e2mara Municipal de Aruj\u00e1, na noite desta quarta-feira (8), de uma sess\u00e3o solene em homenagem ao Dia Internacional da Mulher. A solenidade contou com a presen\u00e7a de mulheres que fazem n\u00e3o s\u00f3 a m\u00e1quina p\u00fablica funcionar, mas a sociedade como um todo. [&hellip;]<\/p>\n","protected":false},"author":1,"featured_media":7130,"comment_status":"open","ping_status":"open","sticky":false,"template":"","format":"standard","meta":{"footnotes":""},"categories":[4],"tags":[],"class_list":{"0":"post-7129","1":"post","2":"type-post","3":"status-publish","4":"format-standard","5":"has-post-thumbnail","7":"category-aruja"},"_links":{"self":[{"href":"https:\/\/jm-metropole.com.br\/site\/wp-json\/wp\/v2\/posts\/7129","targetHints":{"allow":["GET"]}}],"collection":[{"href":"https:\/\/jm-metropole.com.br\/site\/wp-json\/wp\/v2\/posts"}],"about":[{"href":"https:\/\/jm-metropole.com.br\/site\/wp-json\/wp\/v2\/types\/post"}],"author":[{"embeddable":true,"href":"https:\/\/jm-metropole.com.br\/site\/wp-json\/wp\/v2\/users\/1"}],"replies":[{"embeddable":true,"href":"https:\/\/jm-metropole.com.br\/site\/wp-json\/wp\/v2\/comments?post=7129"}],"version-history":[{"count":1,"href":"https:\/\/jm-metropole.com.br\/site\/wp-json\/wp\/v2\/posts\/7129\/revisions"}],"predecessor-version":[{"id":7131,"href":"https:\/\/jm-metropole.com.br\/site\/wp-json\/wp\/v2\/posts\/7129\/revisions\/7131"}],"wp:featuredmedia":[{"embeddable":true,"href":"https:\/\/jm-metropole.com.br\/site\/wp-json\/wp\/v2\/media\/7130"}],"wp:attachment":[{"href":"https:\/\/jm-metropole.com.br\/site\/wp-json\/wp\/v2\/media?parent=7129"}],"wp:term":[{"taxonomy":"category","embeddable":true,"href":"https:\/\/jm-metropole.com.br\/site\/wp-json\/wp\/v2\/categories?post=7129"},{"taxonomy":"post_tag","embeddable":true,"href":"https:\/\/jm-metropole.com.br\/site\/wp-json\/wp\/v2\/tags?post=7129"}],"curies":[{"name":"wp","href":"https:\/\/api.w.org\/{rel}","templated":true}]}}