{"id":7125,"date":"2023-03-09T15:10:12","date_gmt":"2023-03-09T18:10:12","guid":{"rendered":"https:\/\/jm-metropole.com.br\/site\/?p=7125"},"modified":"2023-03-09T15:10:53","modified_gmt":"2023-03-09T18:10:53","slug":"noticias-08-marco-2023-apos-queixas-de-usuarios-vereadores-cobram-empresa-de-zona-azul","status":"publish","type":"post","link":"https:\/\/jm-metropole.com.br\/site\/noticias-08-marco-2023-apos-queixas-de-usuarios-vereadores-cobram-empresa-de-zona-azul\/","title":{"rendered":"Not\u00edcias   08 mar\u00e7o 2023  Ap\u00f3s queixas de usu\u00e1rios, vereadores cobram empresa de Zona Azul"},"content":{"rendered":"<div class=\"row\">\n<div class=\"col-sm-12 col-md-12 col-lg-12 col-xs-12\">\n<p>Empresa prometeu ampliar canais de divulga\u00e7\u00e3o dos pontos de venda junto com a prefeitura e garantir acessibilidade da sede<\/p>\n<\/div>\n<\/div>\n<hr \/>\n<div class=\"row\">\n<div class=\"col-sm-12 col-md-12 col-lg-12 col-xs-12\">\n<div class=\"col-sm-12 col-md-7 col-lg-7 col-xs-12\">\n<p>Ap\u00f3s elevado n\u00famero de queixas, os vereadores de Aruj\u00e1 se reuniram na tarde de ter\u00e7a-feira (7\/3) com representantes da empresa respons\u00e1vel pelo estacionamento rotativo na cidade para cobrar solu\u00e7\u00f5es. A reuni\u00e3o foi solicitada pelo vereador Jean da Padaria (PDT), que conduziu o encontro.<\/p>\n<p>Em novembro do ano passado, os monitores da empresa deixaram de realizar a venda do cart\u00e3o de estacionamento, que agora deve ser comprado diretamente nos pontos de venda, parqu\u00edmetros ou por aplicativo. A mudan\u00e7a desagradou parte dos usu\u00e1rios, especialmente os mais velhos e com dificuldade de utilizar ferramentas tecnol\u00f3gicas.<\/p>\n<p>Segundo o representante da empresa Zona Azul Brasil, Denis Bazzegio, o edital do contrato n\u00e3o prev\u00ea que os monitores realizem a venda dos cart\u00f5es de estacionamento, mas reconheceu que a pr\u00e1tica foi adotada por anos. \u201cFase de adapta\u00e7\u00e3o\u201d, explicou.<\/p>\n<p><strong>Acessibilidade<\/strong><\/p>\n<p>Outra cobran\u00e7a dos parlamentares foi em rela\u00e7\u00e3o \u00e0 acessibilidade do pr\u00e9dio da empresa, onde funciona a \u00e1rea administrativa. O local n\u00e3o conta com acessibilidade para pessoas com defici\u00eancia, ponto que foi abordado pelos parlamentares presentes. Com a exig\u00eancia, o representante da empresa se comprometeu a alugar um novo im\u00f3vel que atenda a essas condi\u00e7\u00f5es.<\/p>\n<p><strong>Divulga\u00e7\u00e3o<\/strong><\/p>\n<p>A empresa Zona Azul Brasil, em conjunto com o Departamento de Tr\u00e2nsito, se comprometeu a ampliar a divulga\u00e7\u00e3o dos meios de pagamento e a lista dos pontos de venda com o nome fantasia das empresas, de forma a facilitar o reconhecimento dos locais.<\/p>\n<p>A reuni\u00e3o foi convocada a pedido do vereador Jean da Padaria (PDT) e contou ainda com a presen\u00e7a dos parlamentares Vin\u00edcius Pateta (Rede), Divinei Silva (PL), Luiz Fernando (PSDB), Gabriel Santos (PSD) e Renan de Aruj\u00e1 (PODE).<\/p>\n<p>Da Prefeitura de Aruj\u00e1, participaram o secret\u00e1rio de Seguran\u00e7a P\u00fablica Washington Adami, o assessor t\u00e9cnico do Departamento de tr\u00e2nsito Tiago Silva.<\/p>\n<\/div>\n<\/div>\n<\/div>\n","protected":false},"excerpt":{"rendered":"<p>Empresa prometeu ampliar canais de divulga\u00e7\u00e3o dos pontos de venda junto com a prefeitura e garantir acessibilidade da sede Ap\u00f3s elevado n\u00famero de queixas, os vereadores de Aruj\u00e1 se reuniram na tarde de ter\u00e7a-feira (7\/3) com representantes da empresa respons\u00e1vel pelo estacionamento rotativo na cidade para cobrar solu\u00e7\u00f5es. A reuni\u00e3o foi solicitada pelo vereador Jean [&hellip;]<\/p>\n","protected":false},"author":1,"featured_media":7126,"comment_status":"open","ping_status":"open","sticky":false,"template":"","format":"standard","meta":{"footnotes":""},"categories":[1],"tags":[],"class_list":{"0":"post-7125","1":"post","2":"type-post","3":"status-publish","4":"format-standard","5":"has-post-thumbnail","7":"category-tudo"},"_links":{"self":[{"href":"https:\/\/jm-metropole.com.br\/site\/wp-json\/wp\/v2\/posts\/7125","targetHints":{"allow":["GET"]}}],"collection":[{"href":"https:\/\/jm-metropole.com.br\/site\/wp-json\/wp\/v2\/posts"}],"about":[{"href":"https:\/\/jm-metropole.com.br\/site\/wp-json\/wp\/v2\/types\/post"}],"author":[{"embeddable":true,"href":"https:\/\/jm-metropole.com.br\/site\/wp-json\/wp\/v2\/users\/1"}],"replies":[{"embeddable":true,"href":"https:\/\/jm-metropole.com.br\/site\/wp-json\/wp\/v2\/comments?post=7125"}],"version-history":[{"count":2,"href":"https:\/\/jm-metropole.com.br\/site\/wp-json\/wp\/v2\/posts\/7125\/revisions"}],"predecessor-version":[{"id":7128,"href":"https:\/\/jm-metropole.com.br\/site\/wp-json\/wp\/v2\/posts\/7125\/revisions\/7128"}],"wp:featuredmedia":[{"embeddable":true,"href":"https:\/\/jm-metropole.com.br\/site\/wp-json\/wp\/v2\/media\/7126"}],"wp:attachment":[{"href":"https:\/\/jm-metropole.com.br\/site\/wp-json\/wp\/v2\/media?parent=7125"}],"wp:term":[{"taxonomy":"category","embeddable":true,"href":"https:\/\/jm-metropole.com.br\/site\/wp-json\/wp\/v2\/categories?post=7125"},{"taxonomy":"post_tag","embeddable":true,"href":"https:\/\/jm-metropole.com.br\/site\/wp-json\/wp\/v2\/tags?post=7125"}],"curies":[{"name":"wp","href":"https:\/\/api.w.org\/{rel}","templated":true}]}}