{"id":7114,"date":"2023-03-09T06:44:09","date_gmt":"2023-03-09T09:44:09","guid":{"rendered":"https:\/\/jm-metropole.com.br\/site\/?p=7114"},"modified":"2023-03-09T06:44:09","modified_gmt":"2023-03-09T09:44:09","slug":"guarulhos-capacita-profissionais-de-saude-em-prevencao-ao-cancer-de-colo-de-utero-e-de-mama","status":"publish","type":"post","link":"https:\/\/jm-metropole.com.br\/site\/guarulhos-capacita-profissionais-de-saude-em-prevencao-ao-cancer-de-colo-de-utero-e-de-mama\/","title":{"rendered":"Guarulhos capacita profissionais de sa\u00fade em preven\u00e7\u00e3o ao c\u00e2ncer de colo de \u00fatero e de mama"},"content":{"rendered":"<p>Nesta\u00a0quarta-feira (8), em celebra\u00e7\u00e3o ao Dia Internacional da Mulher e ao Mar\u00e7o Lil\u00e1s, de preven\u00e7\u00e3o ao c\u00e2ncer de colo do \u00fatero, a Secretaria da Sa\u00fade de Guarulhos promoveu uma atualiza\u00e7\u00e3o dos protocolos sobre a doen\u00e7a para os m\u00e9dicos e enfermeiros da rede p\u00fablica municipal.<\/p>\n<p>O evento foi realizado na Universidade Guarulhos (UNG) e contou com a divulga\u00e7\u00e3o de novos dados epidemiol\u00f3gicos, al\u00e9m de recentes atualiza\u00e7\u00f5es nas defini\u00e7\u00f5es e condutas para a preven\u00e7\u00e3o do c\u00e2ncer de colo do \u00fatero e de mama. Ao todo 90 profissionais de sa\u00fade participaram do evento.<\/p>\n<p>A capacita\u00e7\u00e3o contou ainda com palestras de especialistas em ginecologia e mastologia, que abordaram temas relevantes para a preven\u00e7\u00e3o e a detec\u00e7\u00e3o precoce dessas doen\u00e7as.<br \/>\nAs m\u00e9dicas Eliana Dias de Carvalho Caruso e Mirela Mur\u00e7a falaram sobre les\u00f5es precursoras do c\u00e2ncer cervical e estrat\u00e9gias de rastreamento da doen\u00e7a, enquanto que o mastologista Cl\u00e1udio Louren\u00e7o da Silva abordou a conscientiza\u00e7\u00e3o e a preven\u00e7\u00e3o ao c\u00e2ncer de mama.<\/p>\n","protected":false},"excerpt":{"rendered":"<p>Nesta\u00a0quarta-feira (8), em celebra\u00e7\u00e3o ao Dia Internacional da Mulher e ao Mar\u00e7o Lil\u00e1s, de preven\u00e7\u00e3o ao c\u00e2ncer de colo do \u00fatero, a Secretaria da Sa\u00fade de Guarulhos promoveu uma atualiza\u00e7\u00e3o dos protocolos sobre a doen\u00e7a para os m\u00e9dicos e enfermeiros da rede p\u00fablica municipal. O evento foi realizado na Universidade Guarulhos (UNG) e contou com [&hellip;]<\/p>\n","protected":false},"author":1,"featured_media":7115,"comment_status":"open","ping_status":"open","sticky":false,"template":"","format":"standard","meta":{"footnotes":""},"categories":[3],"tags":[],"class_list":{"0":"post-7114","1":"post","2":"type-post","3":"status-publish","4":"format-standard","5":"has-post-thumbnail","7":"category-guarulhos"},"_links":{"self":[{"href":"https:\/\/jm-metropole.com.br\/site\/wp-json\/wp\/v2\/posts\/7114","targetHints":{"allow":["GET"]}}],"collection":[{"href":"https:\/\/jm-metropole.com.br\/site\/wp-json\/wp\/v2\/posts"}],"about":[{"href":"https:\/\/jm-metropole.com.br\/site\/wp-json\/wp\/v2\/types\/post"}],"author":[{"embeddable":true,"href":"https:\/\/jm-metropole.com.br\/site\/wp-json\/wp\/v2\/users\/1"}],"replies":[{"embeddable":true,"href":"https:\/\/jm-metropole.com.br\/site\/wp-json\/wp\/v2\/comments?post=7114"}],"version-history":[{"count":1,"href":"https:\/\/jm-metropole.com.br\/site\/wp-json\/wp\/v2\/posts\/7114\/revisions"}],"predecessor-version":[{"id":7116,"href":"https:\/\/jm-metropole.com.br\/site\/wp-json\/wp\/v2\/posts\/7114\/revisions\/7116"}],"wp:featuredmedia":[{"embeddable":true,"href":"https:\/\/jm-metropole.com.br\/site\/wp-json\/wp\/v2\/media\/7115"}],"wp:attachment":[{"href":"https:\/\/jm-metropole.com.br\/site\/wp-json\/wp\/v2\/media?parent=7114"}],"wp:term":[{"taxonomy":"category","embeddable":true,"href":"https:\/\/jm-metropole.com.br\/site\/wp-json\/wp\/v2\/categories?post=7114"},{"taxonomy":"post_tag","embeddable":true,"href":"https:\/\/jm-metropole.com.br\/site\/wp-json\/wp\/v2\/tags?post=7114"}],"curies":[{"name":"wp","href":"https:\/\/api.w.org\/{rel}","templated":true}]}}