{"id":7097,"date":"2023-03-08T11:36:00","date_gmt":"2023-03-08T14:36:00","guid":{"rendered":"https:\/\/jm-metropole.com.br\/site\/?p=7097"},"modified":"2023-03-08T11:38:11","modified_gmt":"2023-03-08T14:38:11","slug":"1a-mostra-comemorativa-do-dia-do-artesao-leva-oficinas-gratuitas-aos-moradores-e-visitantes-de-guararema","status":"publish","type":"post","link":"https:\/\/jm-metropole.com.br\/site\/1a-mostra-comemorativa-do-dia-do-artesao-leva-oficinas-gratuitas-aos-moradores-e-visitantes-de-guararema\/","title":{"rendered":"1\u00aa Mostra Comemorativa do Dia do Artes\u00e3o leva oficinas gratuitas aos moradores e visitantes de Guararema"},"content":{"rendered":"<p>Entre 11 e 26 de mar\u00e7o a Vila de Lu\u00eds Carlos, em Guararema, recebe uma s\u00e9rie de atividades que homenageiam os artes\u00e3os locais e conectam o p\u00fablico com a cultura<\/p>\n<p>Oficinas de bijuterias, artefatos em fibras de bananeira, croch\u00ea, reutiliza\u00e7\u00e3o e cartonagem, t\u00e9cnicas em bambu, entalhe e pintura em madeira, patchwork, macram\u00ea, costura, artefatos em tecido, cer\u00e2mica e pintura livre com tinta org\u00e2nica. A 1\u00aa Mostra Comemorativa do Dia do Artes\u00e3o de Guararema ter\u00e1 tudo isso, com participa\u00e7\u00e3o gratuita e aberta ao p\u00fablico. Entre 11 e 26 de mar\u00e7o, a cidade oferece uma s\u00e9rie de atividades que homenageiam os artes\u00e3os da cidade, em espa\u00e7os diversos na Vila de Lu\u00eds Carlos.<\/p>\n<p>Al\u00e9m das oficinas, a Prefeitura preparou uma exposi\u00e7\u00e3o do artesanato produzido na cidade pelos talentosos artes\u00e3os que transformam a mat\u00e9ria-prima em belas pe\u00e7as criativas. Al\u00e9m de apreciar toda esta arte, o visitante que desejar poder\u00e1 comprar as pe\u00e7as no mesmo local, diretamente do artes\u00e3o. A exposi\u00e7\u00e3o poder\u00e1 ser visitada no Espa\u00e7o de Exposi\u00e7\u00f5es da Vila, aberto nos dias 11, 12, 18, 19, 25 e 26 de mar\u00e7o, das 10h \u00e0s 18h.<\/p>\n<p>As inscri\u00e7\u00f5es das oficinas ser\u00e3o realizadas no local das atividades uma hora antes do in\u00edcio de cada aula, e com vagas limitadas. As atividades ser\u00e3o realizadas em diferentes pontos da Vila de Lu\u00eds Carlos: o pergolado do P\u00e1tio Jos\u00e9 de Souza, o Espa\u00e7o de Exposi\u00e7\u00f5es \u201cEngenheiro Lu\u00eds Carlos\u201d e a Viela Elias Cecin.<\/p>\n<p>No s\u00e1bado (11), o p\u00fablico a partir de 10 anos aprender\u00e1 a fazer bijuterias das 14h30 \u00e0s 16 horas, e das 16 horas \u00e0s 17h30 ter\u00e1 acesso a t\u00e9cnicas para a confec\u00e7\u00e3o de abayomis. J\u00e1 no domingo (12), as oficinas s\u00e3o de croch\u00ea das 14h30 \u00e0s 16 horas, e de reutiliza\u00e7\u00e3o e cartonagem, das 16 horas \u00e0s 17h30.<\/p>\n<p>E no pr\u00f3ximo fim de semana tem mais: no s\u00e1bado (18), oficina de artefatos em fibra de bananeira das 14h30 \u00e0s 16 horas e de t\u00e9cnicas em bambu das 16 horas \u00e0s 17h30; no domingo (19), entalhe e pintura em madeira das 14h30 \u00e0s 16 horas e macram\u00ea das 16 horas \u00e0s 17h30.<\/p>\n<p>Mas a agenda n\u00e3o acaba a\u00ed. Tem ainda mais dois dias de oficinas, com t\u00e9cnica de patchwork das 14h30 \u00e0s 16 horas e artefatos em tecido (retalhos) das 16 horas \u00e0s 17h30 do s\u00e1bado (25); e cer\u00e2mica das 14h30 \u00e0s 16 horas e pintura livre em tecido (com tinta org\u00e2nica) das 16 horas \u00e0s 17h30 do domingo (26).<\/p>\n<p>\u201cValorizar os nossos artes\u00e3os em um evento como esse, ao mesmo tempo em que oferecemos a oportunidade de contato da popula\u00e7\u00e3o com a cultura criativa, \u00e9 o foco da nossa gest\u00e3o, que preparou uma agenda repleta de novidades para 2023\u201d, avalia o prefeito de Guararema, o Z\u00e9.<\/p>\n<p>Quem tamb\u00e9m participou da defini\u00e7\u00e3o do calend\u00e1rio de eventos foi o secret\u00e1rio municipal de Cultura e Turismo, Mateus Sartori, que defende a realiza\u00e7\u00e3o de atividades variadas. \u201cEm 2023, al\u00e9m do tradicional Carnaval e da consagrada programa\u00e7\u00e3o Guararema Cidade Natal estamos apostando em novidades para trazer arte, cultura, entretenimento e divers\u00e3o aos moradores ao mesmo tempo em que s\u00e3o a\u00e7\u00f5es com potencial para atrair turistas para a cidade\u201d, diz ele.<\/p>\n<p>Mais informa\u00e7\u00f5es sobre a 1\u00aa Mostra Comemorativa do Dia do Artes\u00e3o est\u00e3o dispon\u00edveis na sede da Secretaria Municipal de Cultura e Turismo, ao n\u00famero 54 da pra\u00e7a Coronel Brasilio Fonseca, ou ent\u00e3o pelo telefone (11) 4695-1793.<\/p>\n","protected":false},"excerpt":{"rendered":"<p>Entre 11 e 26 de mar\u00e7o a Vila de Lu\u00eds Carlos, em Guararema, recebe uma s\u00e9rie de atividades que homenageiam os artes\u00e3os locais e conectam o p\u00fablico com a cultura Oficinas de bijuterias, artefatos em fibras de bananeira, croch\u00ea, reutiliza\u00e7\u00e3o e cartonagem, t\u00e9cnicas em bambu, entalhe e pintura em madeira, patchwork, macram\u00ea, costura, artefatos em [&hellip;]<\/p>\n","protected":false},"author":1,"featured_media":7098,"comment_status":"open","ping_status":"open","sticky":false,"template":"","format":"standard","meta":{"footnotes":""},"categories":[5],"tags":[],"class_list":{"0":"post-7097","1":"post","2":"type-post","3":"status-publish","4":"format-standard","5":"has-post-thumbnail","7":"category-santa-isabel"},"_links":{"self":[{"href":"https:\/\/jm-metropole.com.br\/site\/wp-json\/wp\/v2\/posts\/7097","targetHints":{"allow":["GET"]}}],"collection":[{"href":"https:\/\/jm-metropole.com.br\/site\/wp-json\/wp\/v2\/posts"}],"about":[{"href":"https:\/\/jm-metropole.com.br\/site\/wp-json\/wp\/v2\/types\/post"}],"author":[{"embeddable":true,"href":"https:\/\/jm-metropole.com.br\/site\/wp-json\/wp\/v2\/users\/1"}],"replies":[{"embeddable":true,"href":"https:\/\/jm-metropole.com.br\/site\/wp-json\/wp\/v2\/comments?post=7097"}],"version-history":[{"count":1,"href":"https:\/\/jm-metropole.com.br\/site\/wp-json\/wp\/v2\/posts\/7097\/revisions"}],"predecessor-version":[{"id":7099,"href":"https:\/\/jm-metropole.com.br\/site\/wp-json\/wp\/v2\/posts\/7097\/revisions\/7099"}],"wp:featuredmedia":[{"embeddable":true,"href":"https:\/\/jm-metropole.com.br\/site\/wp-json\/wp\/v2\/media\/7098"}],"wp:attachment":[{"href":"https:\/\/jm-metropole.com.br\/site\/wp-json\/wp\/v2\/media?parent=7097"}],"wp:term":[{"taxonomy":"category","embeddable":true,"href":"https:\/\/jm-metropole.com.br\/site\/wp-json\/wp\/v2\/categories?post=7097"},{"taxonomy":"post_tag","embeddable":true,"href":"https:\/\/jm-metropole.com.br\/site\/wp-json\/wp\/v2\/tags?post=7097"}],"curies":[{"name":"wp","href":"https:\/\/api.w.org\/{rel}","templated":true}]}}