{"id":7093,"date":"2023-03-08T11:33:03","date_gmt":"2023-03-08T14:33:03","guid":{"rendered":"https:\/\/jm-metropole.com.br\/site\/?p=7093"},"modified":"2023-03-08T11:33:03","modified_gmt":"2023-03-08T14:33:03","slug":"prefeitura-de-santa-isabel-abre-130-vagas-para-cursos-profissionalizantes-com-bolsa-auxilio","status":"publish","type":"post","link":"https:\/\/jm-metropole.com.br\/site\/prefeitura-de-santa-isabel-abre-130-vagas-para-cursos-profissionalizantes-com-bolsa-auxilio\/","title":{"rendered":"PREFEITURA DE SANTA ISABEL ABRE 130 VAGAS PARA CURSOS PROFISSIONALIZANTES COM BOLSA-AUX\u00cdLIO"},"content":{"rendered":"<p>Com objetivo de celebrar o Dia Internacional da Mulher, a Prefeitura de Santa Isabel, por meio da Secretaria Municipal de Turismo e Desenvolvimento Econ\u00f4mico, e em parceria com o Via R\u00e1pida e o Centro Paula Souza, abrir\u00e1 130 novas vagas para cursos profissionalizantes com bolsa-aux\u00edlio de R$ 210,00.<\/p>\n<p>A prioridade na inscri\u00e7\u00e3o ser\u00e1 o p\u00fablico feminino e os interessados devem acessar o site do Via R\u00e1pida (https:\/\/www.cursosviarapida.sp.gov.br\/home), a partir do dia 8 de mar\u00e7o.<\/p>\n<p>Na categoria remota ser\u00e3o disponibilizados os cursos de: Organiza\u00e7\u00e3o e promo\u00e7\u00e3o de festas e eventos (30 vagas); T\u00e9cnicas de vendas (30 vagas) e Montagem e manuten\u00e7\u00e3o de computadores (30 vagas).<\/p>\n<p>As capacita\u00e7\u00f5es profissionais de Maquiagem (20 vagas) e Manicure (20 vagas), ocorrer\u00e3o nos per\u00edodos manh\u00e3 e tarde respectivamente, no Centro de Refer\u00eancia e Assist\u00eancia Social (CRAS), que fica na localizado na Rua Dirce de Souza Machado, N\u00ba 400, Jardim Eldorado.<\/p>\n<p>Mais informa\u00e7\u00f5es podem ser obtidas pelo telefone da secretaria, no n\u00famero 4656-2644.<\/p>\n","protected":false},"excerpt":{"rendered":"<p>Com objetivo de celebrar o Dia Internacional da Mulher, a Prefeitura de Santa Isabel, por meio da Secretaria Municipal de Turismo e Desenvolvimento Econ\u00f4mico, e em parceria com o Via R\u00e1pida e o Centro Paula Souza, abrir\u00e1 130 novas vagas para cursos profissionalizantes com bolsa-aux\u00edlio de R$ 210,00. A prioridade na inscri\u00e7\u00e3o ser\u00e1 o p\u00fablico [&hellip;]<\/p>\n","protected":false},"author":1,"featured_media":7094,"comment_status":"open","ping_status":"open","sticky":false,"template":"","format":"standard","meta":{"footnotes":""},"categories":[5],"tags":[],"class_list":{"0":"post-7093","1":"post","2":"type-post","3":"status-publish","4":"format-standard","5":"has-post-thumbnail","7":"category-santa-isabel"},"_links":{"self":[{"href":"https:\/\/jm-metropole.com.br\/site\/wp-json\/wp\/v2\/posts\/7093","targetHints":{"allow":["GET"]}}],"collection":[{"href":"https:\/\/jm-metropole.com.br\/site\/wp-json\/wp\/v2\/posts"}],"about":[{"href":"https:\/\/jm-metropole.com.br\/site\/wp-json\/wp\/v2\/types\/post"}],"author":[{"embeddable":true,"href":"https:\/\/jm-metropole.com.br\/site\/wp-json\/wp\/v2\/users\/1"}],"replies":[{"embeddable":true,"href":"https:\/\/jm-metropole.com.br\/site\/wp-json\/wp\/v2\/comments?post=7093"}],"version-history":[{"count":1,"href":"https:\/\/jm-metropole.com.br\/site\/wp-json\/wp\/v2\/posts\/7093\/revisions"}],"predecessor-version":[{"id":7095,"href":"https:\/\/jm-metropole.com.br\/site\/wp-json\/wp\/v2\/posts\/7093\/revisions\/7095"}],"wp:featuredmedia":[{"embeddable":true,"href":"https:\/\/jm-metropole.com.br\/site\/wp-json\/wp\/v2\/media\/7094"}],"wp:attachment":[{"href":"https:\/\/jm-metropole.com.br\/site\/wp-json\/wp\/v2\/media?parent=7093"}],"wp:term":[{"taxonomy":"category","embeddable":true,"href":"https:\/\/jm-metropole.com.br\/site\/wp-json\/wp\/v2\/categories?post=7093"},{"taxonomy":"post_tag","embeddable":true,"href":"https:\/\/jm-metropole.com.br\/site\/wp-json\/wp\/v2\/tags?post=7093"}],"curies":[{"name":"wp","href":"https:\/\/api.w.org\/{rel}","templated":true}]}}