{"id":7070,"date":"2023-03-08T07:25:32","date_gmt":"2023-03-08T10:25:32","guid":{"rendered":"https:\/\/jm-metropole.com.br\/site\/?p=7070"},"modified":"2023-03-08T07:25:32","modified_gmt":"2023-03-08T10:25:32","slug":"defesa-civil-recebe-carreta-para-transporte-de-bote-inflavel","status":"publish","type":"post","link":"https:\/\/jm-metropole.com.br\/site\/defesa-civil-recebe-carreta-para-transporte-de-bote-inflavel\/","title":{"rendered":"Defesa Civil recebe carreta para transporte de bote infl\u00e1vel"},"content":{"rendered":"<p dir=\"ltr\">Ve\u00edculo foi recebido na \u00faltima sexta-feira (03\/03) pelo secret\u00e1rio interino de Seguran\u00e7a Cidad\u00e3, Afr\u00e2nio Evaristo da Silva, e pelo diretor da Defesa Civil, Ant\u00f4nio Wenzler<\/p>\n<p dir=\"ltr\">A Defesa Civil de Suzano recebeu na \u00faltima sexta-feira (03\/03), na sede da Guarda Civil Municipal (GCM), no bairro Jardim Lincoln, uma carreta de transporte para bote infl\u00e1vel, equipamento utilizado em situa\u00e7\u00f5es de emerg\u00eancia como resgate em rios e lagos. O ve\u00edculo foi doado pelo Plano de Aux\u00edlio M\u00fatuo (PAM) do Alto Tiet\u00ea e o recebimento contou com a presen\u00e7a do secret\u00e1rio interino de Seguran\u00e7a Cidad\u00e3, Afr\u00e2nio Evaristo da Silva, e do diretor da Defesa Civil, Ant\u00f4nio Wenzler. Tamb\u00e9m esteve presente o representante do PAM, Gildomar Dias da Silva.<\/p>\n<p dir=\"ltr\">Fundado em 1993, o PAM \u00e9 uma organiza\u00e7\u00e3o sem fins lucrativos que trabalha com o objetivo de estabelecer diretrizes b\u00e1sicas e conjugar esfor\u00e7os das ind\u00fastrias, bombeiros, comiss\u00e3o de defesa civil e \u00f3rg\u00e3os oficiais, visando suplementar recursos e materiais necess\u00e1rios. Desse modo, \u00e9 poss\u00edvel assegurar maior efici\u00eancia no atendimento de situa\u00e7\u00f5es emergenciais como inc\u00eandios, vazamentos de subst\u00e2ncias t\u00f3xicas ou qualquer outro evento que possa acarretar danos \u00e0s pessoas, patrim\u00f4nio ou meio ambiente.<\/p>\n<p dir=\"ltr\">De acordo com o secret\u00e1rio Afr\u00e2nio Evaristo, a Defesa Civil de Suzano vem realizando um trabalho brilhante desde o in\u00edcio do ano e a vinda da carreta contribuir\u00e1 com uma presta\u00e7\u00e3o de servi\u00e7o mais completa. \u201cO trabalho dos agentes \u00e9 amplo e variado e nossas equipes atuam em v\u00e1rias frentes, sempre devidamente preparadas para lidar com os mais diversos desafios. O novo equipamento vai contribuir para a melhoria de nossas a\u00e7\u00f5es, uma vez que poderemos transportar o nosso bote com mais facilidade\u201d, destacou.<\/p>\n<p dir=\"ltr\">O chefe da pasta ainda agradeceu a todos pela aten\u00e7\u00e3o e a assist\u00eancia prestada ao munic\u00edpio. \u201cAproveito para agradecer a todos pelos esfor\u00e7os direcionados para a melhoria da nossa cidade, em nome do representante do Plano de Aux\u00edlio M\u00fatuo, Gildomar. Gostaria de agradecer tamb\u00e9m o diretor da Defesa Civil, Ant\u00f4nio Wenzler, parabenizo toda a equipe\u201d, finalizou o secret\u00e1rio.<\/p>\n<p>&nbsp;<\/p>\n<p dir=\"ltr\">Cr\u00e9dito das fotos: Maur\u00edcio Sordilli\/Secop Suzano<\/p>\n","protected":false},"excerpt":{"rendered":"<p>Ve\u00edculo foi recebido na \u00faltima sexta-feira (03\/03) pelo secret\u00e1rio interino de Seguran\u00e7a Cidad\u00e3, Afr\u00e2nio Evaristo da Silva, e pelo diretor da Defesa Civil, Ant\u00f4nio Wenzler A Defesa Civil de Suzano recebeu na \u00faltima sexta-feira (03\/03), na sede da Guarda Civil Municipal (GCM), no bairro Jardim Lincoln, uma carreta de transporte para bote infl\u00e1vel, equipamento utilizado [&hellip;]<\/p>\n","protected":false},"author":1,"featured_media":7071,"comment_status":"open","ping_status":"open","sticky":false,"template":"","format":"standard","meta":{"footnotes":""},"categories":[9],"tags":[],"class_list":{"0":"post-7070","1":"post","2":"type-post","3":"status-publish","4":"format-standard","5":"has-post-thumbnail","7":"category-suzano"},"_links":{"self":[{"href":"https:\/\/jm-metropole.com.br\/site\/wp-json\/wp\/v2\/posts\/7070","targetHints":{"allow":["GET"]}}],"collection":[{"href":"https:\/\/jm-metropole.com.br\/site\/wp-json\/wp\/v2\/posts"}],"about":[{"href":"https:\/\/jm-metropole.com.br\/site\/wp-json\/wp\/v2\/types\/post"}],"author":[{"embeddable":true,"href":"https:\/\/jm-metropole.com.br\/site\/wp-json\/wp\/v2\/users\/1"}],"replies":[{"embeddable":true,"href":"https:\/\/jm-metropole.com.br\/site\/wp-json\/wp\/v2\/comments?post=7070"}],"version-history":[{"count":1,"href":"https:\/\/jm-metropole.com.br\/site\/wp-json\/wp\/v2\/posts\/7070\/revisions"}],"predecessor-version":[{"id":7072,"href":"https:\/\/jm-metropole.com.br\/site\/wp-json\/wp\/v2\/posts\/7070\/revisions\/7072"}],"wp:featuredmedia":[{"embeddable":true,"href":"https:\/\/jm-metropole.com.br\/site\/wp-json\/wp\/v2\/media\/7071"}],"wp:attachment":[{"href":"https:\/\/jm-metropole.com.br\/site\/wp-json\/wp\/v2\/media?parent=7070"}],"wp:term":[{"taxonomy":"category","embeddable":true,"href":"https:\/\/jm-metropole.com.br\/site\/wp-json\/wp\/v2\/categories?post=7070"},{"taxonomy":"post_tag","embeddable":true,"href":"https:\/\/jm-metropole.com.br\/site\/wp-json\/wp\/v2\/tags?post=7070"}],"curies":[{"name":"wp","href":"https:\/\/api.w.org\/{rel}","templated":true}]}}