{"id":7062,"date":"2023-03-07T09:58:13","date_gmt":"2023-03-07T12:58:13","guid":{"rendered":"https:\/\/jm-metropole.com.br\/site\/?p=7062"},"modified":"2023-03-07T09:58:13","modified_gmt":"2023-03-07T12:58:13","slug":"secretaria-de-cultura-divulga-a-programacao-da-2a-edicao-do-poa-geek-festival","status":"publish","type":"post","link":"https:\/\/jm-metropole.com.br\/site\/secretaria-de-cultura-divulga-a-programacao-da-2a-edicao-do-poa-geek-festival\/","title":{"rendered":"Secretaria de Cultura divulga a programa\u00e7\u00e3o da 2\u00aa edi\u00e7\u00e3o do \u201cPo\u00e1 Geek Festival\u201d"},"content":{"rendered":"<p>Evento ser\u00e1 realizado no s\u00e1bado e domingo (11 e 12\/03), na Pra\u00e7a de Eventos; atra\u00e7\u00f5es como apresenta\u00e7\u00e3o de K-Pop, desfile e concurso de cosplay est\u00e3o confirmadas<\/p>\n<p>A 2\u00aa edi\u00e7\u00e3o do \u201cPo\u00e1 Geek Festival\u201d ser\u00e1 realizada neste pr\u00f3ximo final de semana (11 e 12\/03), na Pra\u00e7a de Eventos \u201cLuc\u00edlia Gomes Felippe\u201d. A Secretaria Municipal de Cultura informou que o evento come\u00e7ar\u00e1 \u00e0s 10 horas, e ter\u00e1 atra\u00e7\u00f5es como Desfile e Concurso de Cosplay, apresenta\u00e7\u00e3o de K-POP, Balada Geek, bandas, entre outros.<\/p>\n<p>No s\u00e1bado (11), a programa\u00e7\u00e3o ser\u00e1 a seguinte: Abertura (10h); Hipnose (12h); Animek\u00ea (13h); Leandro Loureiro Dublador (14h); Desfile Cosplay (15h); Genki Banda (17h); Balada Geek com DJ K.O (19h); e encerreamento (22h). No domingo (12), a abertura do evento tamb\u00e9m ser\u00e1 \u00e0s 10 horas, tendo como atra\u00e7\u00f5es o Animek\u00ea (11h); K-POP (12h); Will Kawamura (13h); Vii Zedek Dubladora (14h); Concurso Cosplay (15h); Banda Saiken (17h); Balada Geek com DJ K.O (19h); e encerramento (22h).<\/p>\n<p>O Po\u00e1 Geek faz parte das comemora\u00e7\u00f5es do 74\u00b0 anivers\u00e1rio de Po\u00e1 e \u00e9 realizado pela Secretaria Municipal de Cultura em parceria com o Grupo Tomodachi.<\/p>\n<p>Segundo o chefe da pasta de Cultura, Ariel Borges, a expectativa \u00e9 que esta segunda edi\u00e7\u00e3o repita o sucesso da primeira. \u201cEste evento atraiu mais de 10 mil pessoas no ano passado e acredito que este ano n\u00e3o ser\u00e1 diferente\u201d, disse.<\/p>\n<p>A entrada para o evento \u00e9 gratuita, entretanto, a Secretaria explica que as pessoas que queiram concorrer aos brindes e pr\u00eamios que ser\u00e3o sorteados, devem entregar um quilo de alimento n\u00e3o perec\u00edvel. Todos os alimentos arrecadados ser\u00e3o destinados ao Fundo Social de Solidariedade (FSS) do munic\u00edpio. Na primeira edi\u00e7\u00e3o do Po\u00e1 Geek Festival, foram arrecadados mais de 1,6 toneladas de alimentos, que foram distribu\u00eddos \u00e0s fam\u00edlias em situa\u00e7\u00e3o de vulnerabilidade econ\u00f4mica.<\/p>\n<p>A Pra\u00e7a de Eventos \u201cLuc\u00edlia Gomes Felippe\u201d, local em que ser\u00e1 realizada a 2\u00aa edi\u00e7\u00e3o do Po\u00e1 Geek, fica na avenida Ant\u00f4nio Massa, n\u00ba 150, Centro.<\/p>\n<p>Programa\u00e7\u00e3o<br \/>\nS\u00e1bado:<br \/>\n10h Abertura<br \/>\n12h Hipnose<br \/>\n13h AnimeK\u00ea<br \/>\n14h Leandro Loureiro Dublador<br \/>\n15h Desfile Cosplay<br \/>\n17h Genki Banda<br \/>\n19h Balada Geek com DJ K.O<br \/>\n22h Encerramento<br \/>\nDomingo:<br \/>\n10h Abertura<br \/>\n11h AnimeK\u00ea<br \/>\n12h KPOP<br \/>\n13h Will Kawamura<br \/>\n14h Vii Zedek Dubladora<br \/>\n15h Concurso Cosplay<br \/>\n17h Banda Saiken<br \/>\n19h Balada Geek com Dj K.O<br \/>\n22h Encerramento<\/p>\n<p>Foto: Rodrigo Nagafuti \/ Secom \u2013 Po\u00e1<\/p>\n","protected":false},"excerpt":{"rendered":"<p>Evento ser\u00e1 realizado no s\u00e1bado e domingo (11 e 12\/03), na Pra\u00e7a de Eventos; atra\u00e7\u00f5es como apresenta\u00e7\u00e3o de K-Pop, desfile e concurso de cosplay est\u00e3o confirmadas A 2\u00aa edi\u00e7\u00e3o do \u201cPo\u00e1 Geek Festival\u201d ser\u00e1 realizada neste pr\u00f3ximo final de semana (11 e 12\/03), na Pra\u00e7a de Eventos \u201cLuc\u00edlia Gomes Felippe\u201d. A Secretaria Municipal de Cultura [&hellip;]<\/p>\n","protected":false},"author":1,"featured_media":7063,"comment_status":"open","ping_status":"open","sticky":false,"template":"","format":"standard","meta":{"footnotes":""},"categories":[19],"tags":[],"class_list":{"0":"post-7062","1":"post","2":"type-post","3":"status-publish","4":"format-standard","5":"has-post-thumbnail","7":"category-poa"},"_links":{"self":[{"href":"https:\/\/jm-metropole.com.br\/site\/wp-json\/wp\/v2\/posts\/7062","targetHints":{"allow":["GET"]}}],"collection":[{"href":"https:\/\/jm-metropole.com.br\/site\/wp-json\/wp\/v2\/posts"}],"about":[{"href":"https:\/\/jm-metropole.com.br\/site\/wp-json\/wp\/v2\/types\/post"}],"author":[{"embeddable":true,"href":"https:\/\/jm-metropole.com.br\/site\/wp-json\/wp\/v2\/users\/1"}],"replies":[{"embeddable":true,"href":"https:\/\/jm-metropole.com.br\/site\/wp-json\/wp\/v2\/comments?post=7062"}],"version-history":[{"count":1,"href":"https:\/\/jm-metropole.com.br\/site\/wp-json\/wp\/v2\/posts\/7062\/revisions"}],"predecessor-version":[{"id":7064,"href":"https:\/\/jm-metropole.com.br\/site\/wp-json\/wp\/v2\/posts\/7062\/revisions\/7064"}],"wp:featuredmedia":[{"embeddable":true,"href":"https:\/\/jm-metropole.com.br\/site\/wp-json\/wp\/v2\/media\/7063"}],"wp:attachment":[{"href":"https:\/\/jm-metropole.com.br\/site\/wp-json\/wp\/v2\/media?parent=7062"}],"wp:term":[{"taxonomy":"category","embeddable":true,"href":"https:\/\/jm-metropole.com.br\/site\/wp-json\/wp\/v2\/categories?post=7062"},{"taxonomy":"post_tag","embeddable":true,"href":"https:\/\/jm-metropole.com.br\/site\/wp-json\/wp\/v2\/tags?post=7062"}],"curies":[{"name":"wp","href":"https:\/\/api.w.org\/{rel}","templated":true}]}}