{"id":7042,"date":"2023-03-06T16:36:20","date_gmt":"2023-03-06T19:36:20","guid":{"rendered":"https:\/\/jm-metropole.com.br\/site\/?p=7042"},"modified":"2023-03-06T16:36:20","modified_gmt":"2023-03-06T19:36:20","slug":"cultura-realiza-fase-eliminatoria-do-festival-de-musica-de-poa-2023","status":"publish","type":"post","link":"https:\/\/jm-metropole.com.br\/site\/cultura-realiza-fase-eliminatoria-do-festival-de-musica-de-poa-2023\/","title":{"rendered":"Cultura realiza fase eliminat\u00f3ria do \u201cFestival de M\u00fasica de Po\u00e1 2023\u201d"},"content":{"rendered":"<p>Ao todo 51 artistas participaram desta etapa da competi\u00e7\u00e3o, por\u00e9m 10 avan\u00e7aram para a grande final que ser\u00e1 realizada no dia 19 de mar\u00e7o<\/p>\n<p>A Secretaria de Cultura de Po\u00e1 realizou neste \u00faltimo final de semana, nos dias 3,4 e 5, a fase eliminat\u00f3ria do \u201cFestival de M\u00fasica de Po\u00e1 2023\u201d no Teatro Municipal \u201cTur\u00edbio Ruiz\u201d. Nesta etapa, dez artistas foram selecionados pela comiss\u00e3o avaliadora para participarem da grande final no dia 19 de mar\u00e7o.<\/p>\n<p>Ao todo, a competi\u00e7\u00e3o contou com 51 artistas divididos em cinco grupos de categorias musicais que apresentaram uma m\u00fasica autoral e in\u00e9dita, dentre os g\u00eaneros: Rock and Roll, Pop Rock, Jazz, Blues e Soul, Sertanejo, Forr\u00f3, Brega e Moda de Viola, MPB, Gospel e Reggae, Samba, Pagode e Ax\u00e9, Rap, Funk e Trap.<\/p>\n<p>Os finalistas do \u201cFestival de M\u00fasica de Po\u00e1 2023\u201d s\u00e3o: Lucas Brito, Lauro Vieira, Jorge Darr\u00f4, Keep, Z\u00e9, Cristoilma e Bando do Karvalho, Renato Ignacio e Banda, Last Wolfers, Vanessa Kim e Dirty Socks.<\/p>\n<p>\u201cPrimeiramente, eu gostaria de parabenizar todos os artistas que subiram ao palco. Presenciamos grandes apresenta\u00e7\u00f5es, e ap\u00f3s uma avalia\u00e7\u00e3o criteriosa a comiss\u00e3o chegou a dez finalistas. Refor\u00e7o o meu convite aos mun\u00edcipes para que prestigiem a grande final no dia 19, pois o apoio e incentivo a esses artistas \u00e9 fundamental. O festival visa impulsionar os m\u00fasicos poaenses\u201d, disse o Secret\u00e1rio de Cultura de Po\u00e1, Ariel Borges.<\/p>\n<p>O vice-prefeito poaense Geraldo Oliveira, que esteve presente no primeiro dia de apresenta\u00e7\u00f5es comentou sobre o evento. \u201cOs Poaenses merecem um calend\u00e1rio com diversas a\u00e7\u00f5es culturais, principalmente nesse m\u00eas de comemora\u00e7\u00e3o dos 74 anos do nosso munic\u00edpio. \u00c9 gratificante ver os artistas se apresentando no Festival de M\u00fasica. Tenho certeza que ser\u00e1 um ano repleto de atividades\u201d, finaliza.<\/p>\n<p>A grande final do \u201cFestival de M\u00fasica de Po\u00e1 2023\u201d ser\u00e1 realizada no dia 19 de mar\u00e7o, a partir das 13 horas, no Teatro Municipal \u201cTur\u00edbio Ruiz\u201d, localizado na avenida Ant\u00f4nio Massa, n\u00ba 331, Centro, com entrada gratuita. O evento distribuir\u00e1 R$12 mil em premia\u00e7\u00e3o aos vencedores de cada categoria, sendo R$ 5 mil para o primeiro colocado, R$ 3 mil para o segundo e R$ 1 mil para o terceiro, al\u00e9m de mil reais para os vencedores das categorias, melhor letra, melhor int\u00e9rprete e primeiro lugar no voto popular.<\/p>\n<p>Foto: Edem Junior \/ Secom \u2013 Po\u00e1<\/p>\n","protected":false},"excerpt":{"rendered":"<p>Ao todo 51 artistas participaram desta etapa da competi\u00e7\u00e3o, por\u00e9m 10 avan\u00e7aram para a grande final que ser\u00e1 realizada no dia 19 de mar\u00e7o A Secretaria de Cultura de Po\u00e1 realizou neste \u00faltimo final de semana, nos dias 3,4 e 5, a fase eliminat\u00f3ria do \u201cFestival de M\u00fasica de Po\u00e1 2023\u201d no Teatro Municipal \u201cTur\u00edbio [&hellip;]<\/p>\n","protected":false},"author":1,"featured_media":7043,"comment_status":"open","ping_status":"open","sticky":false,"template":"","format":"standard","meta":{"footnotes":""},"categories":[19],"tags":[],"class_list":{"0":"post-7042","1":"post","2":"type-post","3":"status-publish","4":"format-standard","5":"has-post-thumbnail","7":"category-poa"},"_links":{"self":[{"href":"https:\/\/jm-metropole.com.br\/site\/wp-json\/wp\/v2\/posts\/7042","targetHints":{"allow":["GET"]}}],"collection":[{"href":"https:\/\/jm-metropole.com.br\/site\/wp-json\/wp\/v2\/posts"}],"about":[{"href":"https:\/\/jm-metropole.com.br\/site\/wp-json\/wp\/v2\/types\/post"}],"author":[{"embeddable":true,"href":"https:\/\/jm-metropole.com.br\/site\/wp-json\/wp\/v2\/users\/1"}],"replies":[{"embeddable":true,"href":"https:\/\/jm-metropole.com.br\/site\/wp-json\/wp\/v2\/comments?post=7042"}],"version-history":[{"count":1,"href":"https:\/\/jm-metropole.com.br\/site\/wp-json\/wp\/v2\/posts\/7042\/revisions"}],"predecessor-version":[{"id":7044,"href":"https:\/\/jm-metropole.com.br\/site\/wp-json\/wp\/v2\/posts\/7042\/revisions\/7044"}],"wp:featuredmedia":[{"embeddable":true,"href":"https:\/\/jm-metropole.com.br\/site\/wp-json\/wp\/v2\/media\/7043"}],"wp:attachment":[{"href":"https:\/\/jm-metropole.com.br\/site\/wp-json\/wp\/v2\/media?parent=7042"}],"wp:term":[{"taxonomy":"category","embeddable":true,"href":"https:\/\/jm-metropole.com.br\/site\/wp-json\/wp\/v2\/categories?post=7042"},{"taxonomy":"post_tag","embeddable":true,"href":"https:\/\/jm-metropole.com.br\/site\/wp-json\/wp\/v2\/tags?post=7042"}],"curies":[{"name":"wp","href":"https:\/\/api.w.org\/{rel}","templated":true}]}}