{"id":7033,"date":"2023-03-06T15:21:49","date_gmt":"2023-03-06T18:21:49","guid":{"rendered":"https:\/\/jm-metropole.com.br\/site\/?p=7033"},"modified":"2023-03-06T15:21:49","modified_gmt":"2023-03-06T18:21:49","slug":"pessoas-com-60-anos-ou-mais-ja-podem-tomar-a-vacina-bivalente-contra-a-covid-19-em-guararema","status":"publish","type":"post","link":"https:\/\/jm-metropole.com.br\/site\/pessoas-com-60-anos-ou-mais-ja-podem-tomar-a-vacina-bivalente-contra-a-covid-19-em-guararema\/","title":{"rendered":"Pessoas com 60 anos ou mais j\u00e1 podem tomar a vacina bivalente contra a Covid-19 em Guararema"},"content":{"rendered":"<p>Segunda fase da aplica\u00e7\u00e3o da Pfizer Bivalente come\u00e7a nesta segunda-feira (06)<\/p>\n<p>J\u00e1 est\u00e1 dispon\u00edvel a segunda fase da vacina\u00e7\u00e3o bivalente contra a Covid-19 em Guararema. A partir de hoje (06), al\u00e9m do grupo priorit\u00e1rio, as pessoas entre 60 e 69 anos de idade est\u00e3o aptas a receber o imunizante da Pfizer. E os idosos que n\u00e3o puderem comparecer podem agendar atendimento domiciliar com a Central de Vacina\u00e7\u00e3o Coronav\u00edrus (Cevac), onde o prefeito de Guararema, o Z\u00e9, esteve nesta segunda-feira (6).<\/p>\n<p>\u201cVim acompanhar de perto este importante trabalho. \u00c9 mais um refor\u00e7o na constante prote\u00e7\u00e3o de Guararema contra a Covid-19\u201d, disse Z\u00e9 ao chegar no local, onde conversou com a equipe de enfermagem e tamb\u00e9m com os mun\u00edcipes.<\/p>\n<p>Para receber o imunizante, o recomendado, segundo o Minist\u00e9rio da Sa\u00fade, \u00e9 que seja apresentado o esquema prim\u00e1rio completo de duas doses, (D1 + D2), respeitando o intervalo m\u00ednimo de 4 meses da \u00faltima dose da vacina de Covid recebida, seja ela qual for.<br \/>\nJ\u00e1 quem tiver exposi\u00e7\u00e3o recente \u00e0 Covid, ou pessoas na comunidade que tiveram contato com casos suspeitos (ou confirmados) n\u00e3o devem ser vacinadas durante o per\u00edodo de quarentena.<\/p>\n<p>Para al\u00e9m do atendimento domiciliar, a campanha segue sendo realizada das 8 \u00e0s 18 horas de segunda a sexta-feira e das 9 \u00e0s 12 horas aos s\u00e1bados na Central de Vacina\u00e7\u00e3o Coronav\u00edrus (Cevac), na rua Oswaldo Freire Martins, 10 &#8211; Casa 1; e das 8 \u00e0s 16 horas de segunda \u00e0 sexta-feira na Unidade B\u00e1sica de Sa\u00fade (UBS) do Jardim Dulce, na rua Pedro Alvares Cabral, 36.<\/p>\n<p>Na hora de se vacinar \u00e9 preciso apresentar um documento com foto contendo o n\u00famero do CPF (original). Caso se aplique, \u00e9 preciso levar tamb\u00e9m o comprovante de imunossuprimido (que pode ser uma receita do medicamento utilizado), e se houver, a carteira de vacina\u00e7\u00e3o da Covid-19 (opcional).<\/p>\n<p>Mais informa\u00e7\u00f5es est\u00e3o dispon\u00edveis pelos telefones da Secretaria Municipal de Sa\u00fade de Guararema, (11) 4693-8040; da UBS do Jardim Dulce, (11) 4693-4693 e da Central de Vacina\u00e7\u00e3o Coronav\u00edrus, (11) 4693-5103, onde \u00e9 poss\u00edvel agendar a vacina domiciliar.<\/p>\n","protected":false},"excerpt":{"rendered":"<p>Segunda fase da aplica\u00e7\u00e3o da Pfizer Bivalente come\u00e7a nesta segunda-feira (06) J\u00e1 est\u00e1 dispon\u00edvel a segunda fase da vacina\u00e7\u00e3o bivalente contra a Covid-19 em Guararema. A partir de hoje (06), al\u00e9m do grupo priorit\u00e1rio, as pessoas entre 60 e 69 anos de idade est\u00e3o aptas a receber o imunizante da Pfizer. E os idosos que [&hellip;]<\/p>\n","protected":false},"author":1,"featured_media":7034,"comment_status":"open","ping_status":"open","sticky":false,"template":"","format":"standard","meta":{"footnotes":""},"categories":[8],"tags":[],"class_list":{"0":"post-7033","1":"post","2":"type-post","3":"status-publish","4":"format-standard","5":"has-post-thumbnail","7":"category-guararema"},"_links":{"self":[{"href":"https:\/\/jm-metropole.com.br\/site\/wp-json\/wp\/v2\/posts\/7033","targetHints":{"allow":["GET"]}}],"collection":[{"href":"https:\/\/jm-metropole.com.br\/site\/wp-json\/wp\/v2\/posts"}],"about":[{"href":"https:\/\/jm-metropole.com.br\/site\/wp-json\/wp\/v2\/types\/post"}],"author":[{"embeddable":true,"href":"https:\/\/jm-metropole.com.br\/site\/wp-json\/wp\/v2\/users\/1"}],"replies":[{"embeddable":true,"href":"https:\/\/jm-metropole.com.br\/site\/wp-json\/wp\/v2\/comments?post=7033"}],"version-history":[{"count":1,"href":"https:\/\/jm-metropole.com.br\/site\/wp-json\/wp\/v2\/posts\/7033\/revisions"}],"predecessor-version":[{"id":7035,"href":"https:\/\/jm-metropole.com.br\/site\/wp-json\/wp\/v2\/posts\/7033\/revisions\/7035"}],"wp:featuredmedia":[{"embeddable":true,"href":"https:\/\/jm-metropole.com.br\/site\/wp-json\/wp\/v2\/media\/7034"}],"wp:attachment":[{"href":"https:\/\/jm-metropole.com.br\/site\/wp-json\/wp\/v2\/media?parent=7033"}],"wp:term":[{"taxonomy":"category","embeddable":true,"href":"https:\/\/jm-metropole.com.br\/site\/wp-json\/wp\/v2\/categories?post=7033"},{"taxonomy":"post_tag","embeddable":true,"href":"https:\/\/jm-metropole.com.br\/site\/wp-json\/wp\/v2\/tags?post=7033"}],"curies":[{"name":"wp","href":"https:\/\/api.w.org\/{rel}","templated":true}]}}